{"id":2991,"date":"2012-09-30T00:25:20","date_gmt":"2012-09-29T22:25:20","guid":{"rendered":"https:\/\/iminbokhylla.se\/?p=2991"},"modified":"2012-09-30T00:20:48","modified_gmt":"2012-09-29T22:20:48","slug":"bokmassan-lordag","status":"publish","type":"post","link":"https:\/\/iminbokhylla.se\/?p=2991","title":{"rendered":"Bokm\u00e4ssan l\u00f6rdag: p\u00e5 st\u00e5ende fot fr\u00e5n 9 till 23"},"content":{"rendered":"<p>Nu b\u00f6rjar orken ta slut. Oj, s\u00e5 tr\u00f6tt jag \u00e4r. Idag var det allts\u00e5 den galna l\u00f6rdagen. S\u00e5 mycket folk! Ofattbart mycket folk. <\/p>\n<p>Vi kom till m\u00e4ssan vid tiotiden. F\u00f6rst till bloggambassad\u00f6rernas rum f\u00f6r prisutdelningen. I \u00f6vrigt blev det en lugn lunch, n\u00e5gra seminarier och f\u00f6rst\u00e5s lite golv. <\/p>\n<p>F\u00f6rsta seminariet var H\u00e5kan Juholt hos ETC. Riktigt intressant. Bland annat sa Juholt att hans liv, hans barns liv och hans sambos liv blivit kraftigt f\u00f6rs\u00e4mrade av att han st\u00e4llde upp som socialdemokratisk ledare, men att han inte \u00e5ngrar att han sa ja.<\/p>\n<p>Pelle Sandstrak ber\u00e4ttade, mycket livligt, om sitt liv med Tourettes syndrom. Han har nyss gett ut bok nummer tv\u00e5, ettan l\u00e4ste jag f\u00f6r flera \u00e5r sedan och tyckte att den var b\u00e5de bra och viktig. Seminarium nummer tre var Tommy K\u00f6rberg hos Expressen. Bra intervju och mycket folk. Intervjuaren hade valt ut n\u00e5gra prylar som Tommy fick associera till. En leksakspolisbil, en schackpj\u00e4s &#8230;<\/p>\n<p>Sista saken vi lyssnade p\u00e5 var Annika Bengtsson p\u00e5 Grim f\u00f6rlag. Annika ger ut sina b\u00f6cker sj\u00e4lv (jag har l\u00e4st och skrivit om dem alla tre) och ber\u00e4ttade bland annat om hur hon t\u00e4nker p\u00e5 Googlerankning n\u00e4r hon best\u00e4mmer titel p\u00e5 sina b\u00f6cker. <\/p>\n<p><a href=\"http:\/\/www.flickr.com\/photos\/granding\/8037090656\/\" title=\"L\u00f6rdag by Granding, on Flickr\"><img loading=\"lazy\" src=\"http:\/\/farm9.staticflickr.com\/8458\/8037090656_f0842fe231.jpg\" width=\"500\" height=\"500\" alt=\"L\u00f6rdag\"><\/a><\/p>\n<p>P\u00e5 kv\u00e4llen tr\u00e4ffade vi en kompis, och sedan h\u00e4ngde vi p\u00e5 Park, klassisk mingelplats under Bokm\u00e4ssan. Nu \u00e4r det dags att packa, imorgon blir sista dagen f\u00f6r Bokm\u00e4ssan 2012.<\/p>\n","protected":false},"excerpt":{"rendered":"<p>Nu b\u00f6rjar orken ta slut. Oj, s\u00e5 tr\u00f6tt jag \u00e4r. Idag var det allts\u00e5 den galna l\u00f6rdagen. S\u00e5 mycket folk! Ofattbart mycket folk. Vi kom till m\u00e4ssan vid tiotiden. F\u00f6rst till bloggambassad\u00f6rernas rum f\u00f6r prisutdelningen. I \u00f6vrigt blev det en lugn lunch, n\u00e5gra seminarier och f\u00f6rst\u00e5s lite golv. F\u00f6rsta seminariet var H\u00e5kan Juholt hos ETC. &hellip; <a href=\"https:\/\/iminbokhylla.se\/?p=2991\" class=\"more-link\">Forts\u00e4tt l\u00e4sa<span class=\"screen-reader-text\"> \u201dBokm\u00e4ssan l\u00f6rdag: p\u00e5 st\u00e5ende fot fr\u00e5n 9 till 23\u201d<\/span><\/a><\/p>\n","protected":false},"author":1,"featured_media":0,"comment_status":"open","ping_status":"open","sticky":false,"template":"","format":"standard","meta":[],"categories":[12],"tags":[9],"featured_image_src":null,"featured_image_src_square":null,"author_info":{"display_name":"Josefine","author_link":"https:\/\/iminbokhylla.se\/?author=1"},"_links":{"self":[{"href":"https:\/\/iminbokhylla.se\/index.php?rest_route=\/wp\/v2\/posts\/2991"}],"collection":[{"href":"https:\/\/iminbokhylla.se\/index.php?rest_route=\/wp\/v2\/posts"}],"about":[{"href":"https:\/\/iminbokhylla.se\/index.php?rest_route=\/wp\/v2\/types\/post"}],"author":[{"embeddable":true,"href":"https:\/\/iminbokhylla.se\/index.php?rest_route=\/wp\/v2\/users\/1"}],"replies":[{"embeddable":true,"href":"https:\/\/iminbokhylla.se\/index.php?rest_route=%2Fwp%2Fv2%2Fcomments&post=2991"}],"version-history":[{"count":0,"href":"https:\/\/iminbokhylla.se\/index.php?rest_route=\/wp\/v2\/posts\/2991\/revisions"}],"wp:attachment":[{"href":"https:\/\/iminbokhylla.se\/index.php?rest_route=%2Fwp%2Fv2%2Fmedia&parent=2991"}],"wp:term":[{"taxonomy":"category","embeddable":true,"href":"https:\/\/iminbokhylla.se\/index.php?rest_route=%2Fwp%2Fv2%2Fcategories&post=2991"},{"taxonomy":"post_tag","embeddable":true,"href":"https:\/\/iminbokhylla.se\/index.php?rest_route=%2Fwp%2Fv2%2Ftags&post=2991"}],"curies":[{"name":"wp","href":"https:\/\/api.w.org\/{rel}","templated":true}]}}