{"id":2985,"date":"2012-09-28T22:00:01","date_gmt":"2012-09-28T20:00:01","guid":{"rendered":"https:\/\/iminbokhylla.se\/?p=2985"},"modified":"2012-09-28T21:58:31","modified_gmt":"2012-09-28T19:58:31","slug":"bokmassan-fredag-vi-maste-hinna-innan-allmanheten-kommer","status":"publish","type":"post","link":"https:\/\/iminbokhylla.se\/?p=2985","title":{"rendered":"Bokm\u00e4ssan fredag: vi m\u00e5ste hinna innan allm\u00e4nheten kommer!"},"content":{"rendered":"<p>Den st\u00e5ende frasen bland alla man tr\u00e4ffar under fredagen \u00e4r &#8221;vi m\u00e5ste hinna innan allm\u00e4nheten kommer&#8221;. F\u00f6r precis s\u00e5 k\u00e4nns det. Torsdag och fredag fram till 14.00 \u00e4r Bokm\u00e4ssan endast till f\u00f6r branschm\u00e4nniskor. Efter 14 blir m\u00e4ssan \u00f6verfull, och det \u00e4r \u00e4nd\u00e5 ingenting mot hur det \u00e4r p\u00e5 l\u00f6rdag eftermiddag. Jag \u00f6verdriver inte n\u00e4r jag s\u00e4ger att man inte kan r\u00f6ra sig i den stora hallen p\u00e5 l\u00f6rdag eftermiddag. S\u00e5 mycket folk \u00e4r det. Ska f\u00f6rs\u00f6ka ta en bild imorgon.  <\/p>\n<p>I alla fall. Vi betade av den stora hallen p\u00e5 f\u00f6rmiddagen. G\u00e5ng f\u00f6r g\u00e5ng, mycket metodiskt. F\u00f6rsta boken k\u00f6ptes redan i monter tre &#8230;<\/p>\n<p>Men f\u00f6r att &#8221;hinna innan allm\u00e4nheten kommer&#8221; valde vi att avst\u00e5 seminarier idag. Fokus l\u00e5g p\u00e5 golv, golv, golv. Tre seminarier blev det dock:<\/p>\n<p>En r\u00e5 och vacker ber\u00e4ttelse fr\u00e5n Gr\u00f6nlands baksida, Game of Thrones och The Walking Dead samt F\u00e5nge hos (FARC-)gerillan med Ingrid Betancourt. H\u00f6gt och l\u00e5gt som vanligt. Bra, d\u00e5ligt, mellan. <\/p>\n<p>Om Gr\u00f6nland pratade f\u00f6rfattaren Kim Leine. V\u00e4ldigt intressant, bra samtal och boken l\u00e4t bra. K\u00f6pte den p\u00e5 plats efter seminariet, s\u00e5 den \u00e5terkommer jag till. <\/p>\n<p>Walking Dead och Games of Thrones \u00e4r inte min grej, men inte heller sambon tyckte att detta seminarie h\u00f6ll m\u00e5ttet. Ostrukturerat, d\u00e5ligt f\u00f6rberett. <\/p>\n<p>Ingrid Betancourt satt f\u00e5nge hos FARC-gerillan i \u00f6ver sex \u00e5r. Nu finns en bok om hennes \u00f6de. Tyv\u00e4rr h\u00f6ll inte heller det h\u00e4r seminariet hela v\u00e4gen. Samtalet var intressant, men jag saknade sammanhang. Varf\u00f6r blev hon f\u00e5ngen? Hur gick det till? Sl\u00e4pptes hon, rymde hon? Det, och mycket annat, vet jag fortfarande ingenting om. <\/p>\n<p><a href=\"http:\/\/www.flickr.com\/photos\/granding\/8033652785\/\" title=\"Bokm\u00e4ssan by Granding, on Flickr\"><img loading=\"lazy\" src=\"http:\/\/farm9.staticflickr.com\/8034\/8033652785_a089024bfa.jpg\" width=\"500\" height=\"500\" alt=\"Bokm\u00e4ssan\"><\/a><\/p>\n<p>Vi minglade ocks\u00e5. Vi bloggambassad\u00f6rer har i \u00e5r tre mingel anordnade, och detta var f\u00f6r oss, v\u00e5ra tillh\u00f6rande och f\u00f6rlagen. Kul, och med den st\u00f6rsta goodiebag jag n\u00e5gonsin sett. <\/p>\n<p>Middag hade vi inbokad sedan tidigare: en spansk restaurang d\u00e4r man anv\u00e4nde en iphoneapp f\u00f6r att best\u00e4lla. Kul och dessutom gott!<\/p>\n","protected":false},"excerpt":{"rendered":"<p>Den st\u00e5ende frasen bland alla man tr\u00e4ffar under fredagen \u00e4r &#8221;vi m\u00e5ste hinna innan allm\u00e4nheten kommer&#8221;. F\u00f6r precis s\u00e5 k\u00e4nns det. Torsdag och fredag fram till 14.00 \u00e4r Bokm\u00e4ssan endast till f\u00f6r branschm\u00e4nniskor. Efter 14 blir m\u00e4ssan \u00f6verfull, och det \u00e4r \u00e4nd\u00e5 ingenting mot hur det \u00e4r p\u00e5 l\u00f6rdag eftermiddag. Jag \u00f6verdriver inte n\u00e4r jag &hellip; <a href=\"https:\/\/iminbokhylla.se\/?p=2985\" class=\"more-link\">Forts\u00e4tt l\u00e4sa<span class=\"screen-reader-text\"> \u201dBokm\u00e4ssan fredag: vi m\u00e5ste hinna innan allm\u00e4nheten kommer!\u201d<\/span><\/a><\/p>\n","protected":false},"author":1,"featured_media":0,"comment_status":"open","ping_status":"open","sticky":false,"template":"","format":"standard","meta":[],"categories":[12],"tags":[9],"featured_image_src":null,"featured_image_src_square":null,"author_info":{"display_name":"Josefine","author_link":"https:\/\/iminbokhylla.se\/?author=1"},"_links":{"self":[{"href":"https:\/\/iminbokhylla.se\/index.php?rest_route=\/wp\/v2\/posts\/2985"}],"collection":[{"href":"https:\/\/iminbokhylla.se\/index.php?rest_route=\/wp\/v2\/posts"}],"about":[{"href":"https:\/\/iminbokhylla.se\/index.php?rest_route=\/wp\/v2\/types\/post"}],"author":[{"embeddable":true,"href":"https:\/\/iminbokhylla.se\/index.php?rest_route=\/wp\/v2\/users\/1"}],"replies":[{"embeddable":true,"href":"https:\/\/iminbokhylla.se\/index.php?rest_route=%2Fwp%2Fv2%2Fcomments&post=2985"}],"version-history":[{"count":0,"href":"https:\/\/iminbokhylla.se\/index.php?rest_route=\/wp\/v2\/posts\/2985\/revisions"}],"wp:attachment":[{"href":"https:\/\/iminbokhylla.se\/index.php?rest_route=%2Fwp%2Fv2%2Fmedia&parent=2985"}],"wp:term":[{"taxonomy":"category","embeddable":true,"href":"https:\/\/iminbokhylla.se\/index.php?rest_route=%2Fwp%2Fv2%2Fcategories&post=2985"},{"taxonomy":"post_tag","embeddable":true,"href":"https:\/\/iminbokhylla.se\/index.php?rest_route=%2Fwp%2Fv2%2Ftags&post=2985"}],"curies":[{"name":"wp","href":"https:\/\/api.w.org\/{rel}","templated":true}]}}