{"id":2977,"date":"2012-09-27T22:25:09","date_gmt":"2012-09-27T20:25:09","guid":{"rendered":"https:\/\/iminbokhylla.se\/?p=2977"},"modified":"2012-09-27T23:50:58","modified_gmt":"2012-09-27T21:50:58","slug":"bokmassan-torsdag-sju-seminarier-och-massa-golv","status":"publish","type":"post","link":"https:\/\/iminbokhylla.se\/?p=2977","title":{"rendered":"Bokm\u00e4ssan torsdag: sju seminarier och massa golv"},"content":{"rendered":"<p>Efter att ha varit missn\u00f6jda med f\u00f6rra \u00e5rets hotell, som till exempel stank otv\u00e4ttad gubbe, \u00e4r \u00e5rets boende ett stort lyft. Vi bor i ett v\u00e4ldigt litet rum, men det \u00e4r snyggt, rent och fr\u00e4scht. Det enda tr\u00e5kiga \u00e4r v\u00e4l frukosten, som verkligen inte \u00e4r n\u00e5got att h\u00e4nga i julgranen.<\/p>\n<p><a href=\"http:\/\/www.flickr.com\/photos\/granding\/8030740360\/\" title=\"Bokm\u00e4ssan torsdag by Granding, on Flickr\"><img loading=\"lazy\" src=\"http:\/\/farm9.staticflickr.com\/8304\/8030740360_fdbb450a95.jpg\" width=\"500\" height=\"500\" alt=\"Bokm\u00e4ssan torsdag\"><\/a><\/p>\n<p>Vi kom fram till m\u00e4ssan strax efter nio och gav oss direkt ut p\u00e5 m\u00e4ssgolvet. Vi hann se mycket, men har v\u00e4ldigt mycket kvar, b\u00e5de favoriter och s\u00e5nt vi inte s\u00e5g alls idag. <\/p>\n<p>Sju seminarier\/monter- eller scenprogram hann vi med. Jag \u00e4r imponerad! (Tyv\u00e4rr innebar det ocks\u00e5 att det inte blev n\u00e5gon riktig lunch.)<\/p>\n<p>Vi lyssnade p\u00e5:<br \/>\nTexmex fr\u00e5n grunden, Lchf till fest, Nya tider kr\u00e4ver nya magasin, Humoristiska vardagsscener i Lottab\u00f6ckerna, Sverige forever in my heart, Sociala medier och bokens framtid samt Johan Persson och Martin Schibbye hos Aftonbladet. <\/p>\n<p>Blandad kvalitet f\u00f6rst\u00e5s. Mest besviken \u00e4r jag nog p\u00e5 Sociala medier och bokens framtid som inte gav mig mer \u00e4n en stunds fotvila. Sverige forever in my heart var v\u00e4ldigt intressant, Niklas Orrenius och Qaisar Mahmood pratade svenskhet och fr\u00e4mlingsfientlighet. Jag fr\u00e5ngick min regel om att inte k\u00f6pa b\u00f6cker till fullpris p\u00e5 m\u00e4ssan f\u00f6r att f\u00e5 dem signerade. Monterarrang\u00f6ren ABF gjorde n\u00e4mligen reklam f\u00f6r signering, men sen styrde de inte upp n\u00e5gon och jag stod med dyra, osignerade b\u00f6cker jag hellre k\u00f6pt p\u00e5 n\u00e4tet \u00e4n sl\u00e4pat hem &#8230;<\/p>\n<p><a href=\"http:\/\/www.flickr.com\/photos\/granding\/8030746353\/\" title=\"Bokm\u00e4ssan torsdag by Granding, on Flickr\"><img loading=\"lazy\" src=\"http:\/\/farm9.staticflickr.com\/8033\/8030746353_19f18ee54c.jpg\" width=\"500\" height=\"500\" alt=\"Bokm\u00e4ssan torsdag\"><\/a><\/p>\n<p>Vid 17-tiden satte vi stopp och gick till hotellet med tunga v\u00e4skor och p\u00e5sar innan vi gick ut igen; dags f\u00f6r festlighet &#8211; champagnemingel i en svit p\u00e5 Park. Men sen gav vi upp. Middag bara vi tv\u00e5, och sen hotellrummet. M\u00e5ste ju vila den j\u00e4kla foten s\u00e5 jag orkar resten av dagarna!<\/p>\n<p>Sammanfattning av dagen: vi m\u00e5ste \u00e4ta b\u00e4ttre, vi m\u00e5ste vara mer strukturerade. Men det var en bra f\u00f6rsta dag.<\/p>\n","protected":false},"excerpt":{"rendered":"<p>Efter att ha varit missn\u00f6jda med f\u00f6rra \u00e5rets hotell, som till exempel stank otv\u00e4ttad gubbe, \u00e4r \u00e5rets boende ett stort lyft. Vi bor i ett v\u00e4ldigt litet rum, men det \u00e4r snyggt, rent och fr\u00e4scht. Det enda tr\u00e5kiga \u00e4r v\u00e4l frukosten, som verkligen inte \u00e4r n\u00e5got att h\u00e4nga i julgranen. Vi kom fram till m\u00e4ssan &hellip; <a href=\"https:\/\/iminbokhylla.se\/?p=2977\" class=\"more-link\">Forts\u00e4tt l\u00e4sa<span class=\"screen-reader-text\"> \u201dBokm\u00e4ssan torsdag: sju seminarier och massa golv\u201d<\/span><\/a><\/p>\n","protected":false},"author":1,"featured_media":0,"comment_status":"open","ping_status":"open","sticky":false,"template":"","format":"standard","meta":[],"categories":[12],"tags":[9],"featured_image_src":null,"featured_image_src_square":null,"author_info":{"display_name":"Josefine","author_link":"https:\/\/iminbokhylla.se\/?author=1"},"_links":{"self":[{"href":"https:\/\/iminbokhylla.se\/index.php?rest_route=\/wp\/v2\/posts\/2977"}],"collection":[{"href":"https:\/\/iminbokhylla.se\/index.php?rest_route=\/wp\/v2\/posts"}],"about":[{"href":"https:\/\/iminbokhylla.se\/index.php?rest_route=\/wp\/v2\/types\/post"}],"author":[{"embeddable":true,"href":"https:\/\/iminbokhylla.se\/index.php?rest_route=\/wp\/v2\/users\/1"}],"replies":[{"embeddable":true,"href":"https:\/\/iminbokhylla.se\/index.php?rest_route=%2Fwp%2Fv2%2Fcomments&post=2977"}],"version-history":[{"count":0,"href":"https:\/\/iminbokhylla.se\/index.php?rest_route=\/wp\/v2\/posts\/2977\/revisions"}],"wp:attachment":[{"href":"https:\/\/iminbokhylla.se\/index.php?rest_route=%2Fwp%2Fv2%2Fmedia&parent=2977"}],"wp:term":[{"taxonomy":"category","embeddable":true,"href":"https:\/\/iminbokhylla.se\/index.php?rest_route=%2Fwp%2Fv2%2Fcategories&post=2977"},{"taxonomy":"post_tag","embeddable":true,"href":"https:\/\/iminbokhylla.se\/index.php?rest_route=%2Fwp%2Fv2%2Ftags&post=2977"}],"curies":[{"name":"wp","href":"https:\/\/api.w.org\/{rel}","templated":true}]}}