{"id":2974,"date":"2012-09-27T00:36:26","date_gmt":"2012-09-26T22:36:26","guid":{"rendered":"https:\/\/iminbokhylla.se\/?p=2974"},"modified":"2012-09-27T23:54:23","modified_gmt":"2012-09-27T21:54:23","slug":"bokmassan-onsdag-signalfel-och-trevlig-goodiebag","status":"publish","type":"post","link":"https:\/\/iminbokhylla.se\/?p=2974","title":{"rendered":"Bokm\u00e4ssan onsdag: signalfel och trevlig goodiebag"},"content":{"rendered":"<p>Vi \u00e4r p\u00e5 plats! \u00c4ven om det s\u00e5g lite m\u00f6rkt ut ett tag &#8230;<\/p>\n<p>Planen s\u00e5g ut s\u00e5h\u00e4r: vi skulle ta ett extrainsatt, extral\u00e5ngt och extrasnabbt t\u00e5g till G\u00f6teborg och komma fram precis n\u00e4r kv\u00e4llens fest, Pressnatta, startade. Men s\u00e5 snabbt gick det inte. Signalfel. Vi stod still vid Flen, Sk\u00f6vde och Alings\u00e5s. En timme sena ankommer vi ett G\u00f6teborg som v\u00e4lkomnar oss med st\u00f6rtregn. Snabbt in i en taxi till hotellet, checka in, byta om och ny taxi till m\u00e4ssan. (Taxi \u00e4r dyyyyrt i G\u00f6teborg!) Vi kommer fram en kvart innan maten plockas bort. Puh! Lite mat, lite mingel, lite vin. Och en trevlig goodiebag! <\/p>\n<p><a href=\"http:\/\/www.flickr.com\/photos\/granding\/8027961796\/\" title=\"Perfekt bokm\u00e4ssehotell! S\u00e5 h\u00e4r ser lobbyn ut by Granding, on Flickr\"><img loading=\"lazy\" src=\"http:\/\/farm9.staticflickr.com\/8171\/8027961796_db772b74bd.jpg\" width=\"500\" height=\"500\" alt=\"Perfekt bokm\u00e4ssehotell! S\u00e5 h\u00e4r ser lobbyn ut\"><\/a><br \/>\n<em>Hotellobbyn, kan det bli mer passande?<\/em><\/p>\n<p><a href=\"http:\/\/www.flickr.com\/photos\/granding\/8027966846\/\" title=\"Bokdekoration p\u00e5 festen &quot;Pressnatta&quot; by Granding, on Flickr\"><img loading=\"lazy\" src=\"http:\/\/farm9.staticflickr.com\/8029\/8027966846_a0062763bc.jpg\" width=\"500\" height=\"374\" alt=\"Bokdekoration p\u00e5 festen &quot;Pressnatta&quot;\"><\/a><br \/>\n<em>Bokdekoration p\u00e5 Pressnatta<\/em><\/p>\n","protected":false},"excerpt":{"rendered":"<p>Vi \u00e4r p\u00e5 plats! \u00c4ven om det s\u00e5g lite m\u00f6rkt ut ett tag &#8230; Planen s\u00e5g ut s\u00e5h\u00e4r: vi skulle ta ett extrainsatt, extral\u00e5ngt och extrasnabbt t\u00e5g till G\u00f6teborg och komma fram precis n\u00e4r kv\u00e4llens fest, Pressnatta, startade. Men s\u00e5 snabbt gick det inte. Signalfel. Vi stod still vid Flen, Sk\u00f6vde och Alings\u00e5s. En timme &hellip; <a href=\"https:\/\/iminbokhylla.se\/?p=2974\" class=\"more-link\">Forts\u00e4tt l\u00e4sa<span class=\"screen-reader-text\"> \u201dBokm\u00e4ssan onsdag: signalfel och trevlig goodiebag\u201d<\/span><\/a><\/p>\n","protected":false},"author":1,"featured_media":0,"comment_status":"open","ping_status":"open","sticky":false,"template":"","format":"standard","meta":[],"categories":[12],"tags":[9],"featured_image_src":null,"featured_image_src_square":null,"author_info":{"display_name":"Josefine","author_link":"https:\/\/iminbokhylla.se\/?author=1"},"_links":{"self":[{"href":"https:\/\/iminbokhylla.se\/index.php?rest_route=\/wp\/v2\/posts\/2974"}],"collection":[{"href":"https:\/\/iminbokhylla.se\/index.php?rest_route=\/wp\/v2\/posts"}],"about":[{"href":"https:\/\/iminbokhylla.se\/index.php?rest_route=\/wp\/v2\/types\/post"}],"author":[{"embeddable":true,"href":"https:\/\/iminbokhylla.se\/index.php?rest_route=\/wp\/v2\/users\/1"}],"replies":[{"embeddable":true,"href":"https:\/\/iminbokhylla.se\/index.php?rest_route=%2Fwp%2Fv2%2Fcomments&post=2974"}],"version-history":[{"count":0,"href":"https:\/\/iminbokhylla.se\/index.php?rest_route=\/wp\/v2\/posts\/2974\/revisions"}],"wp:attachment":[{"href":"https:\/\/iminbokhylla.se\/index.php?rest_route=%2Fwp%2Fv2%2Fmedia&parent=2974"}],"wp:term":[{"taxonomy":"category","embeddable":true,"href":"https:\/\/iminbokhylla.se\/index.php?rest_route=%2Fwp%2Fv2%2Fcategories&post=2974"},{"taxonomy":"post_tag","embeddable":true,"href":"https:\/\/iminbokhylla.se\/index.php?rest_route=%2Fwp%2Fv2%2Ftags&post=2974"}],"curies":[{"name":"wp","href":"https:\/\/api.w.org\/{rel}","templated":true}]}}