{"id":295,"date":"2010-12-29T22:38:38","date_gmt":"2010-12-29T20:38:38","guid":{"rendered":"https:\/\/iminbokhylla.se\/?p=295"},"modified":"2011-07-27T16:34:06","modified_gmt":"2011-07-27T14:34:06","slug":"finns-inte-pa-kartan-for-manga-stories","status":"publish","type":"post","link":"https:\/\/iminbokhylla.se\/?p=295","title":{"rendered":"Finns inte p\u00e5 kartan: f\u00f6r m\u00e5nga stories"},"content":{"rendered":"<p><strong>Bok:<\/strong> Finns inte p\u00e5 kartan<br \/>\n<strong>F\u00f6rfattare<\/strong>: Carin Hjulstr\u00f6m<br \/>\n<strong>F\u00f6rlag<\/strong>: M\u00e5npocket<br \/>\n<strong>Officiell sajt<\/strong>: <a href=\"http:\/\/www.forum.se\/Bokforlaget-Forum-Forfattare\/Forfattarpresentationssida\/?personId=26060\">Bokf\u00f6rlaget Forums f\u00f6rfattarsida<\/a><\/p>\n<p>Det \u00e4r dags f\u00f6r praktik f\u00f6r studenterna p\u00e5 JMG (journalisth\u00f6gskolan i G\u00f6teborg). Frida Fors, 23, har \u00f6nskat sig Aftonbladet eller Expressen, men blir tilldelad en lokalredaktion p\u00e5 Sm\u00e5landsbladet. Pojkv\u00e4nnen, den allsm\u00e4ktige, coola f\u00e5r f\u00f6rst\u00e5s Aftonbladet.<\/p>\n<p>V\u00e4l framme i Bruseryd uppt\u00e4cker Frida att hon f\u00e5r klara sig sj\u00e4lv, hennes handledare \u00e4r sjukskriven f\u00f6r utbr\u00e4ndhet och chefen super. Samtidigt f\u00e5r Peter bildbyline i Aftonbladet redan f\u00f6rsta dagen. N\u00e4r Frida skriver lite f\u00f6r obehagliga sanningar i tidningen f\u00e5r hon dessutom hela bygden mot sig, inklusive tidningens \u00e4gare. <\/p>\n<p><strong>Betyg:<\/strong><br \/>\nEn l\u00e5g trea tycker jag att Finns inte p\u00e5 kartan \u00e4r v\u00e4rd. F\u00f6rst\u00e5r faktiskt inte alls hur Carin Hjulstr\u00f6m kunde tilldelas Studief\u00f6rbundet Vuxenskolans f\u00f6rfattarpris f\u00f6r den h\u00e4r boken. N\u00e5gonstans l\u00e4ste jag (kommer tyv\u00e4rr inte ih\u00e5g var, s\u00e5 kan inte l\u00e4nka) \u00e5sikten att Finns inte p\u00e5 kartan inneh\u00e5ller f\u00f6r m\u00e5nga olika stories, och det h\u00e5ller jag med om. Det finns alldeles f\u00f6r m\u00e5nga sidosp\u00e5r som borde ha rensats bort innan boken gick till tryck. Om n\u00e5got \u00e5r kommer jag inte ha en aning om vad den h\u00e4r boken handlar om, men k\u00e4nslan den l\u00e4mnar kvar \u00e4r \u00e4nd\u00e5 &#8221;en v\u00e4nlig, sm\u00e5trevlig bok&#8221;.  <\/p>\n<p><img loading=\"lazy\" src=\"https:\/\/iminbokhylla.se\/betyg_3.png\" width=\"472\" height=\"99\" alt=\"betyg\" \/><\/p>\n","protected":false},"excerpt":{"rendered":"<p>Bok: Finns inte p\u00e5 kartan F\u00f6rfattare: Carin Hjulstr\u00f6m F\u00f6rlag: M\u00e5npocket Officiell sajt: Bokf\u00f6rlaget Forums f\u00f6rfattarsida Det \u00e4r dags f\u00f6r praktik f\u00f6r studenterna p\u00e5 JMG (journalisth\u00f6gskolan i G\u00f6teborg). Frida Fors, 23, har \u00f6nskat sig Aftonbladet eller Expressen, men blir tilldelad en lokalredaktion p\u00e5 Sm\u00e5landsbladet. Pojkv\u00e4nnen, den allsm\u00e4ktige, coola f\u00e5r f\u00f6rst\u00e5s Aftonbladet. V\u00e4l framme i Bruseryd uppt\u00e4cker &hellip; <a href=\"https:\/\/iminbokhylla.se\/?p=295\" class=\"more-link\">Forts\u00e4tt l\u00e4sa<span class=\"screen-reader-text\"> \u201dFinns inte p\u00e5 kartan: f\u00f6r m\u00e5nga stories\u201d<\/span><\/a><\/p>\n","protected":false},"author":1,"featured_media":0,"comment_status":"open","ping_status":"open","sticky":false,"template":"","format":"standard","meta":[],"categories":[3],"tags":[9],"featured_image_src":null,"featured_image_src_square":null,"author_info":{"display_name":"Josefine","author_link":"https:\/\/iminbokhylla.se\/?author=1"},"_links":{"self":[{"href":"https:\/\/iminbokhylla.se\/index.php?rest_route=\/wp\/v2\/posts\/295"}],"collection":[{"href":"https:\/\/iminbokhylla.se\/index.php?rest_route=\/wp\/v2\/posts"}],"about":[{"href":"https:\/\/iminbokhylla.se\/index.php?rest_route=\/wp\/v2\/types\/post"}],"author":[{"embeddable":true,"href":"https:\/\/iminbokhylla.se\/index.php?rest_route=\/wp\/v2\/users\/1"}],"replies":[{"embeddable":true,"href":"https:\/\/iminbokhylla.se\/index.php?rest_route=%2Fwp%2Fv2%2Fcomments&post=295"}],"version-history":[{"count":0,"href":"https:\/\/iminbokhylla.se\/index.php?rest_route=\/wp\/v2\/posts\/295\/revisions"}],"wp:attachment":[{"href":"https:\/\/iminbokhylla.se\/index.php?rest_route=%2Fwp%2Fv2%2Fmedia&parent=295"}],"wp:term":[{"taxonomy":"category","embeddable":true,"href":"https:\/\/iminbokhylla.se\/index.php?rest_route=%2Fwp%2Fv2%2Fcategories&post=295"},{"taxonomy":"post_tag","embeddable":true,"href":"https:\/\/iminbokhylla.se\/index.php?rest_route=%2Fwp%2Fv2%2Ftags&post=295"}],"curies":[{"name":"wp","href":"https:\/\/api.w.org\/{rel}","templated":true}]}}