{"id":2871,"date":"2012-09-25T13:08:07","date_gmt":"2012-09-25T11:08:07","guid":{"rendered":"https:\/\/iminbokhylla.se\/?p=2871"},"modified":"2012-09-25T09:31:58","modified_gmt":"2012-09-25T07:31:58","slug":"har-hittar-du-mig-under-bokmassan","status":"publish","type":"post","link":"https:\/\/iminbokhylla.se\/?p=2871","title":{"rendered":"H\u00e4r hittar du mig under Bokm\u00e4ssan"},"content":{"rendered":"<p>Nu \u00e4r det snart dags. Imorgon, onsdag den 26, \u00e5ker sambon och jag mot Bokm\u00e4ssan.<\/p>\n<p>F\u00f6rutom att g\u00e5, g\u00e5, g\u00e5, lyssna p\u00e5 seminarier, kolla i montrar, bes\u00f6ka mingel, shoppa och prata med folk ska vi f\u00f6rst\u00e5s rapportera!<\/p>\n<p>Det blir f\u00f6rst\u00e5s inl\u00e4gg h\u00e4r p\u00e5 bloggen, men \u00e4ven p\u00e5 andra platser. Jag g\u00f6r en lista:<\/p>\n<ul>\n<li><a href=\"https:\/\/iminbokhylla.se\">H\u00e4r p\u00e5 I min bokhylla<\/a><\/li>\n<li><a href=\"http:\/\/twitter.com\/iminbokhylla\">P\u00e5 Twitter<\/a><\/li>\n<li><a href=\"http:\/\/facebook.com\/iminbokhylla\">P\u00e5 Facebook<\/a><\/li>\n<li><a href=\"http:\/\/www.flickr.com\/photos\/granding\/\">Bilder p\u00e5 Flickr<\/a><\/li>\n<li>Bilder p\u00e5 <a href=\"http:\/\/instagram.com\/\">Instagram<\/a>, leta upp anv\u00e4ndare Granding<\/li>\n<li>Och s\u00e5 kommer vi ambassad\u00f6rer dela med oss av bilder p\u00e5 Bokm\u00e4ssans officiella <a href=\"http:\/\/instagram.com\/\">Instagram<\/a> ocks\u00e5, med anv\u00e4ndare Bokmassan<\/li>\n<\/ul>\n<p>Helt enkelt: vill du ta del av I min bokhylla goes to Bokm\u00e4ssan kan du g\u00f6ra det utan problem!<\/p>\n","protected":false},"excerpt":{"rendered":"<p>Nu \u00e4r det snart dags. Imorgon, onsdag den 26, \u00e5ker sambon och jag mot Bokm\u00e4ssan. F\u00f6rutom att g\u00e5, g\u00e5, g\u00e5, lyssna p\u00e5 seminarier, kolla i montrar, bes\u00f6ka mingel, shoppa och prata med folk ska vi f\u00f6rst\u00e5s rapportera! Det blir f\u00f6rst\u00e5s inl\u00e4gg h\u00e4r p\u00e5 bloggen, men \u00e4ven p\u00e5 andra platser. Jag g\u00f6r en lista: H\u00e4r p\u00e5 &hellip; <a href=\"https:\/\/iminbokhylla.se\/?p=2871\" class=\"more-link\">Forts\u00e4tt l\u00e4sa<span class=\"screen-reader-text\"> \u201dH\u00e4r hittar du mig under Bokm\u00e4ssan\u201d<\/span><\/a><\/p>\n","protected":false},"author":1,"featured_media":0,"comment_status":"open","ping_status":"open","sticky":false,"template":"","format":"standard","meta":[],"categories":[12],"tags":[9],"featured_image_src":null,"featured_image_src_square":null,"author_info":{"display_name":"Josefine","author_link":"https:\/\/iminbokhylla.se\/?author=1"},"_links":{"self":[{"href":"https:\/\/iminbokhylla.se\/index.php?rest_route=\/wp\/v2\/posts\/2871"}],"collection":[{"href":"https:\/\/iminbokhylla.se\/index.php?rest_route=\/wp\/v2\/posts"}],"about":[{"href":"https:\/\/iminbokhylla.se\/index.php?rest_route=\/wp\/v2\/types\/post"}],"author":[{"embeddable":true,"href":"https:\/\/iminbokhylla.se\/index.php?rest_route=\/wp\/v2\/users\/1"}],"replies":[{"embeddable":true,"href":"https:\/\/iminbokhylla.se\/index.php?rest_route=%2Fwp%2Fv2%2Fcomments&post=2871"}],"version-history":[{"count":0,"href":"https:\/\/iminbokhylla.se\/index.php?rest_route=\/wp\/v2\/posts\/2871\/revisions"}],"wp:attachment":[{"href":"https:\/\/iminbokhylla.se\/index.php?rest_route=%2Fwp%2Fv2%2Fmedia&parent=2871"}],"wp:term":[{"taxonomy":"category","embeddable":true,"href":"https:\/\/iminbokhylla.se\/index.php?rest_route=%2Fwp%2Fv2%2Fcategories&post=2871"},{"taxonomy":"post_tag","embeddable":true,"href":"https:\/\/iminbokhylla.se\/index.php?rest_route=%2Fwp%2Fv2%2Ftags&post=2871"}],"curies":[{"name":"wp","href":"https:\/\/api.w.org\/{rel}","templated":true}]}}