{"id":2826,"date":"2012-09-13T10:45:10","date_gmt":"2012-09-13T08:45:10","guid":{"rendered":"https:\/\/iminbokhylla.se\/?p=2826"},"modified":"2012-09-06T16:54:13","modified_gmt":"2012-09-06T14:54:13","slug":"2826","status":"publish","type":"post","link":"https:\/\/iminbokhylla.se\/?p=2826","title":{"rendered":"Bokcirkel, b\u00e4st n\u00e4r man tr\u00e4ffas"},"content":{"rendered":"<p>Jag \u00e4r ju med i tv\u00e5 olika bokcirklar som tr\u00e4ffas ungef\u00e4r en g\u00e5ng varje m\u00e5nad. Den ena l\u00e4ser bara b\u00f6cker av en f\u00f6rfattare och tr\u00e4ffas alltid p\u00e5 samma plats, hemma hos M.  Den andra har uppl\u00e4gget att man \u00e4r hos olika personer varje g\u00e5ng, och den man \u00e4r hemma hos har f\u00e5tt v\u00e4lja bok. Bokcirkel 1 har alltid fikabr\u00f6d, bokcirkel 2 middag. B\u00e5da bokcirklarna inneh\u00e5ller bara kvinnor, det \u00e4r n\u00e5got som bara blivit, och inget uttalat. <\/p>\n<p>Jag gillar mina bokcirklar, och jag gillar att bokcirkla. (Det var ocks\u00e5 p\u00e5 v\u00e4g hem fr\u00e5n bokcirkel 1 jag f\u00f6rst s\u00e5g reklam f\u00f6r ett nybygge som min sv\u00e4rmor nu ska flytta till). Och, inser jag, jag gillar att bokcirkla AFK, allts\u00e5 att tr\u00e4ffas och prata.<\/p>\n<p>Tv\u00e5 g\u00e5nger har jag deltagit i virtuella bokcirklar. F\u00f6rsta g\u00e5ngen f\u00f6r flera \u00e5r sedan. Vi var ett helt g\u00e4ng som skulle l\u00e4sa och prata om en bok, i (det numera nedlagda) Google Wave. Formatet, att man skrev i ett gemensamt &#8221;dokument&#8221; d\u00e4r man enkelt s\u00e5g vem som skrev vad, tyckte jag funkade bra. Det som inte funkade var att det inte fanns n\u00e5gon sluttid. Jag kunde l\u00e4sa ut en bok och skriva ned mina \u00e5sikter f\u00f6r att f\u00e5 kommentarer tv\u00e5 veckor senare n\u00e4r n\u00e5gon annan l\u00e4st ut boken, osv. Den bokcirkeln gav mig inget annat \u00e4n irritation tyv\u00e4rr. <\/p>\n<p>Andra g\u00e5ngen jag bokcirklade virtuellt var nyss. Det var <a href=\"http:\/\/boktipset.se\">Boktipset.se<\/a> som hade en bokcirkel om Fredrik Backmans roman &#8221;En man som heter Ove&#8221;. Formen man cirklade p\u00e5, i kommentarerna till ett blogginl\u00e4gg, var ingen hit. L\u00e5ngsamt, segt. Men jag \u00e4r g\u00e4rna med igen f\u00f6r jag tycker att det \u00e4r en intressant id\u00e9. <\/p>\n<p><strong>\u00c4r n\u00e5gon av er med i en bokcirkel? <\/strong><\/p>\n","protected":false},"excerpt":{"rendered":"<p>Jag \u00e4r ju med i tv\u00e5 olika bokcirklar som tr\u00e4ffas ungef\u00e4r en g\u00e5ng varje m\u00e5nad. Den ena l\u00e4ser bara b\u00f6cker av en f\u00f6rfattare och tr\u00e4ffas alltid p\u00e5 samma plats, hemma hos M. Den andra har uppl\u00e4gget att man \u00e4r hos olika personer varje g\u00e5ng, och den man \u00e4r hemma hos har f\u00e5tt v\u00e4lja bok. Bokcirkel &hellip; <a href=\"https:\/\/iminbokhylla.se\/?p=2826\" class=\"more-link\">Forts\u00e4tt l\u00e4sa<span class=\"screen-reader-text\"> \u201dBokcirkel, b\u00e4st n\u00e4r man tr\u00e4ffas\u201d<\/span><\/a><\/p>\n","protected":false},"author":1,"featured_media":0,"comment_status":"open","ping_status":"open","sticky":false,"template":"","format":"standard","meta":[],"categories":[4],"tags":[9],"featured_image_src":null,"featured_image_src_square":null,"author_info":{"display_name":"Josefine","author_link":"https:\/\/iminbokhylla.se\/?author=1"},"_links":{"self":[{"href":"https:\/\/iminbokhylla.se\/index.php?rest_route=\/wp\/v2\/posts\/2826"}],"collection":[{"href":"https:\/\/iminbokhylla.se\/index.php?rest_route=\/wp\/v2\/posts"}],"about":[{"href":"https:\/\/iminbokhylla.se\/index.php?rest_route=\/wp\/v2\/types\/post"}],"author":[{"embeddable":true,"href":"https:\/\/iminbokhylla.se\/index.php?rest_route=\/wp\/v2\/users\/1"}],"replies":[{"embeddable":true,"href":"https:\/\/iminbokhylla.se\/index.php?rest_route=%2Fwp%2Fv2%2Fcomments&post=2826"}],"version-history":[{"count":0,"href":"https:\/\/iminbokhylla.se\/index.php?rest_route=\/wp\/v2\/posts\/2826\/revisions"}],"wp:attachment":[{"href":"https:\/\/iminbokhylla.se\/index.php?rest_route=%2Fwp%2Fv2%2Fmedia&parent=2826"}],"wp:term":[{"taxonomy":"category","embeddable":true,"href":"https:\/\/iminbokhylla.se\/index.php?rest_route=%2Fwp%2Fv2%2Fcategories&post=2826"},{"taxonomy":"post_tag","embeddable":true,"href":"https:\/\/iminbokhylla.se\/index.php?rest_route=%2Fwp%2Fv2%2Ftags&post=2826"}],"curies":[{"name":"wp","href":"https:\/\/api.w.org\/{rel}","templated":true}]}}