{"id":2821,"date":"2012-09-17T09:26:21","date_gmt":"2012-09-17T07:26:21","guid":{"rendered":"https:\/\/iminbokhylla.se\/?p=2821"},"modified":"2012-09-06T16:43:55","modified_gmt":"2012-09-06T14:43:55","slug":"2821","status":"publish","type":"post","link":"https:\/\/iminbokhylla.se\/?p=2821","title":{"rendered":"En bokask kommer lastad"},"content":{"rendered":"<p>Mot slutet av semestern tillbringade vi n\u00e5gra dagar hemma i Stockholm. Jag brukar inte g\u00f6ra det, ha semester hemma, eftersom det k\u00e4nns som att man sl\u00f6sar bort semesterdagar. Har dock b\u00f6rjat inse att det inte \u00e4r direkt vilsamt att resa bort semesterns f\u00f6rsta dag och \u00e5terv\u00e4nda kv\u00e4llen innan man b\u00f6rjar jobba. Speciellt eftersom mina resor aldrig \u00e4r lugna. Hur som helst, vi var hemma en vecka. Men f\u00f6r att inte sl\u00f6sa bort semestern gjorde vi utflykter varje dag. En av utflykterna var till Drottningholms slott. Vi \u00e5kte \u00e5ngb\u00e5t dit, \u00e5t (gr\u00e4sligt d\u00e5lig) lunch, tittade i parken, kikade p\u00e5 slottet och shoppade i slottsboden. Det fanns inte mycket d\u00e4r som var n\u00e5got f\u00f6r mig, men jag f\u00f6ll f\u00f6r en liten ask. Med bokmotiv f\u00f6rst\u00e5s!<\/p>\n<p>Asken, som \u00e4r r\u00e4tt v\u00e4lgjord med magnetlock, \u00e4r fylld av kort. Jag kan inte s\u00e4ga att jag skriver mycket kort, s\u00e5 alla sl\u00e4ktingar kan ju r\u00e4kna med att f\u00e5 s\u00e5dana h\u00e4r kort som f\u00f6delsedagskort en l\u00e5ng tid fram\u00f6ver \u2026<\/p>\n<p><a href=\"http:\/\/www.flickr.com\/photos\/granding\/7943694662\/\" title=\"Bokask by Granding, on Flickr\"><img loading=\"lazy\" src=\"http:\/\/farm9.staticflickr.com\/8171\/7943694662_aa956fa1f9.jpg\" width=\"500\" height=\"374\" alt=\"Bokask\"><\/a><\/p>\n<p><a href=\"http:\/\/www.flickr.com\/photos\/granding\/7943694936\/\" title=\"Bokask by Granding, on Flickr\"><img loading=\"lazy\" src=\"http:\/\/farm9.staticflickr.com\/8302\/7943694936_b7ffa6e4d7.jpg\" width=\"500\" height=\"374\" alt=\"Bokask\"><\/a><\/p>\n","protected":false},"excerpt":{"rendered":"<p>Mot slutet av semestern tillbringade vi n\u00e5gra dagar hemma i Stockholm. Jag brukar inte g\u00f6ra det, ha semester hemma, eftersom det k\u00e4nns som att man sl\u00f6sar bort semesterdagar. Har dock b\u00f6rjat inse att det inte \u00e4r direkt vilsamt att resa bort semesterns f\u00f6rsta dag och \u00e5terv\u00e4nda kv\u00e4llen innan man b\u00f6rjar jobba. Speciellt eftersom mina resor &hellip; <a href=\"https:\/\/iminbokhylla.se\/?p=2821\" class=\"more-link\">Forts\u00e4tt l\u00e4sa<span class=\"screen-reader-text\"> \u201dEn bokask kommer lastad\u201d<\/span><\/a><\/p>\n","protected":false},"author":1,"featured_media":0,"comment_status":"open","ping_status":"open","sticky":false,"template":"","format":"standard","meta":[],"categories":[4],"tags":[9],"featured_image_src":null,"featured_image_src_square":null,"author_info":{"display_name":"Josefine","author_link":"https:\/\/iminbokhylla.se\/?author=1"},"_links":{"self":[{"href":"https:\/\/iminbokhylla.se\/index.php?rest_route=\/wp\/v2\/posts\/2821"}],"collection":[{"href":"https:\/\/iminbokhylla.se\/index.php?rest_route=\/wp\/v2\/posts"}],"about":[{"href":"https:\/\/iminbokhylla.se\/index.php?rest_route=\/wp\/v2\/types\/post"}],"author":[{"embeddable":true,"href":"https:\/\/iminbokhylla.se\/index.php?rest_route=\/wp\/v2\/users\/1"}],"replies":[{"embeddable":true,"href":"https:\/\/iminbokhylla.se\/index.php?rest_route=%2Fwp%2Fv2%2Fcomments&post=2821"}],"version-history":[{"count":0,"href":"https:\/\/iminbokhylla.se\/index.php?rest_route=\/wp\/v2\/posts\/2821\/revisions"}],"wp:attachment":[{"href":"https:\/\/iminbokhylla.se\/index.php?rest_route=%2Fwp%2Fv2%2Fmedia&parent=2821"}],"wp:term":[{"taxonomy":"category","embeddable":true,"href":"https:\/\/iminbokhylla.se\/index.php?rest_route=%2Fwp%2Fv2%2Fcategories&post=2821"},{"taxonomy":"post_tag","embeddable":true,"href":"https:\/\/iminbokhylla.se\/index.php?rest_route=%2Fwp%2Fv2%2Ftags&post=2821"}],"curies":[{"name":"wp","href":"https:\/\/api.w.org\/{rel}","templated":true}]}}