{"id":271,"date":"2010-12-20T13:38:34","date_gmt":"2010-12-20T11:38:34","guid":{"rendered":"https:\/\/iminbokhylla.se\/?p=271"},"modified":"2011-07-27T16:34:07","modified_gmt":"2011-07-27T14:34:07","slug":"spraket-ar-viktigt","status":"publish","type":"post","link":"https:\/\/iminbokhylla.se\/?p=271","title":{"rendered":"Spr\u00e5ket \u00e4r viktigt"},"content":{"rendered":"<p>Jag kallas ibland f\u00f6r spr\u00e5kfascist. (Vilket kan te sig lite roligt f\u00f6r de som chattar med mig, jag skriver extremt fort och slarvigt). Men jag tycker spr\u00e5k \u00e4r viktigt, hatar s\u00e4rskrivningar och blir galen n\u00e4r man slarvar i offentliga texter. <\/p>\n<p>En sak som slagit mig nu n\u00e4r jag l\u00e4ser &#8221;kungaboken&#8221; \u00e4r att den \u00e4r r\u00e4tt slarvigt skriven. En hel del syftningsfel, men \u00e4ven n\u00e5gra spr\u00e5kliga misstag (mer om detta i kommande recension). Spr\u00e5ket \u00e4r dock inte allt, absolut inte,<br \/>\n<a href=\"https:\/\/iminbokhylla.se\/2010\/11\/18\/fortrollerskan-fran-florens-en-fortrollande-saga-som-inte-passar-mig\/\">Salman Rushdies F\u00f6rtrollerskan fr\u00e5n Florens <\/a> har bitvis fantastiskt spr\u00e5k men jag tyckte \u00e4nd\u00e5 inte om den boken. <\/p>\n<p>Lagom \u00e4r b\u00e4st? \ud83d\ude42<\/p>\n","protected":false},"excerpt":{"rendered":"<p>Jag kallas ibland f\u00f6r spr\u00e5kfascist. (Vilket kan te sig lite roligt f\u00f6r de som chattar med mig, jag skriver extremt fort och slarvigt). Men jag tycker spr\u00e5k \u00e4r viktigt, hatar s\u00e4rskrivningar och blir galen n\u00e4r man slarvar i offentliga texter. En sak som slagit mig nu n\u00e4r jag l\u00e4ser &#8221;kungaboken&#8221; \u00e4r att den \u00e4r r\u00e4tt &hellip; <a href=\"https:\/\/iminbokhylla.se\/?p=271\" class=\"more-link\">Forts\u00e4tt l\u00e4sa<span class=\"screen-reader-text\"> \u201dSpr\u00e5ket \u00e4r viktigt\u201d<\/span><\/a><\/p>\n","protected":false},"author":1,"featured_media":0,"comment_status":"open","ping_status":"open","sticky":false,"template":"","format":"standard","meta":[],"categories":[4],"tags":[9],"featured_image_src":null,"featured_image_src_square":null,"author_info":{"display_name":"Josefine","author_link":"https:\/\/iminbokhylla.se\/?author=1"},"_links":{"self":[{"href":"https:\/\/iminbokhylla.se\/index.php?rest_route=\/wp\/v2\/posts\/271"}],"collection":[{"href":"https:\/\/iminbokhylla.se\/index.php?rest_route=\/wp\/v2\/posts"}],"about":[{"href":"https:\/\/iminbokhylla.se\/index.php?rest_route=\/wp\/v2\/types\/post"}],"author":[{"embeddable":true,"href":"https:\/\/iminbokhylla.se\/index.php?rest_route=\/wp\/v2\/users\/1"}],"replies":[{"embeddable":true,"href":"https:\/\/iminbokhylla.se\/index.php?rest_route=%2Fwp%2Fv2%2Fcomments&post=271"}],"version-history":[{"count":0,"href":"https:\/\/iminbokhylla.se\/index.php?rest_route=\/wp\/v2\/posts\/271\/revisions"}],"wp:attachment":[{"href":"https:\/\/iminbokhylla.se\/index.php?rest_route=%2Fwp%2Fv2%2Fmedia&parent=271"}],"wp:term":[{"taxonomy":"category","embeddable":true,"href":"https:\/\/iminbokhylla.se\/index.php?rest_route=%2Fwp%2Fv2%2Fcategories&post=271"},{"taxonomy":"post_tag","embeddable":true,"href":"https:\/\/iminbokhylla.se\/index.php?rest_route=%2Fwp%2Fv2%2Ftags&post=271"}],"curies":[{"name":"wp","href":"https:\/\/api.w.org\/{rel}","templated":true}]}}