{"id":2698,"date":"2012-08-10T20:10:46","date_gmt":"2012-08-10T18:10:46","guid":{"rendered":"https:\/\/iminbokhylla.se\/?p=2698"},"modified":"2012-08-15T18:40:36","modified_gmt":"2012-08-15T16:40:36","slug":"laspaus","status":"publish","type":"post","link":"https:\/\/iminbokhylla.se\/?p=2698","title":{"rendered":"L\u00e4spaus"},"content":{"rendered":"<p>Det blev mer bloggpaus. Vi h\u00e4nger p\u00e5 landet. Ser p\u00e5 film, grillar och l\u00e4ser. S\u00e5 \u00e4ven om jag inte bloggar s\u00e5 l\u00e4ser jag, jag lovar! \ud83d\ude42<\/p>\n<p><a title=\"Semestermorgon by Granding, on Flickr\" href=\"http:\/\/www.flickr.com\/photos\/granding\/7752910716\/\"><img loading=\"lazy\" src=\"http:\/\/farm9.staticflickr.com\/8427\/7752910716_b5e756e5ba.jpg\" alt=\"Semestermorgon\" width=\"500\" height=\"500\" \/><\/a><br \/>\n<em>Bild fr\u00e5n 7.30 imorse.<\/em><\/p>\n","protected":false},"excerpt":{"rendered":"<p>Det blev mer bloggpaus. Vi h\u00e4nger p\u00e5 landet. Ser p\u00e5 film, grillar och l\u00e4ser. S\u00e5 \u00e4ven om jag inte bloggar s\u00e5 l\u00e4ser jag, jag lovar! \ud83d\ude42 Bild fr\u00e5n 7.30 imorse.<\/p>\n","protected":false},"author":1,"featured_media":0,"comment_status":"open","ping_status":"open","sticky":false,"template":"","format":"standard","meta":[],"categories":[4],"tags":[9],"featured_image_src":null,"featured_image_src_square":null,"author_info":{"display_name":"Josefine","author_link":"https:\/\/iminbokhylla.se\/?author=1"},"_links":{"self":[{"href":"https:\/\/iminbokhylla.se\/index.php?rest_route=\/wp\/v2\/posts\/2698"}],"collection":[{"href":"https:\/\/iminbokhylla.se\/index.php?rest_route=\/wp\/v2\/posts"}],"about":[{"href":"https:\/\/iminbokhylla.se\/index.php?rest_route=\/wp\/v2\/types\/post"}],"author":[{"embeddable":true,"href":"https:\/\/iminbokhylla.se\/index.php?rest_route=\/wp\/v2\/users\/1"}],"replies":[{"embeddable":true,"href":"https:\/\/iminbokhylla.se\/index.php?rest_route=%2Fwp%2Fv2%2Fcomments&post=2698"}],"version-history":[{"count":0,"href":"https:\/\/iminbokhylla.se\/index.php?rest_route=\/wp\/v2\/posts\/2698\/revisions"}],"wp:attachment":[{"href":"https:\/\/iminbokhylla.se\/index.php?rest_route=%2Fwp%2Fv2%2Fmedia&parent=2698"}],"wp:term":[{"taxonomy":"category","embeddable":true,"href":"https:\/\/iminbokhylla.se\/index.php?rest_route=%2Fwp%2Fv2%2Fcategories&post=2698"},{"taxonomy":"post_tag","embeddable":true,"href":"https:\/\/iminbokhylla.se\/index.php?rest_route=%2Fwp%2Fv2%2Ftags&post=2698"}],"curies":[{"name":"wp","href":"https:\/\/api.w.org\/{rel}","templated":true}]}}