{"id":2694,"date":"2012-07-30T10:20:05","date_gmt":"2012-07-30T08:20:05","guid":{"rendered":"https:\/\/iminbokhylla.se\/?p=2694"},"modified":"2012-08-15T18:40:04","modified_gmt":"2012-08-15T16:40:04","slug":"harlig-semester-uselt-nat","status":"publish","type":"post","link":"https:\/\/iminbokhylla.se\/?p=2694","title":{"rendered":"H\u00e4rlig semester &#8211; uselt n\u00e4t"},"content":{"rendered":"<p>Det blev lite bloggtystnad \u00e4nd\u00e5. Vi har h\u00e4ngt i favoritbyn Piran i Slovenien och hotellets internet l\u00e4mnar en hel del \u00f6vrigt att \u00f6nska, om man s\u00e4ger s\u00e5.<\/p>\n<p>Har sett att det trillat in kommentarer, kul! Lyckas dock inte svara. Det kommer.<\/p>\n<p>Idag l\u00e4mnar vi Piran. Kanske blir n\u00e4tet b\u00e4ttre, kanske f\u00f6rsvinner det helt.<\/p>\n<p>L\u00e4mnar er med en semesterbild s\u00e5 l\u00e4nge.<\/p>\n<p><a title=\"Sista dagen i Slovenien by Granding, on Flickr\" href=\"http:\/\/www.flickr.com\/photos\/granding\/7669313170\/\"><img loading=\"lazy\" src=\"http:\/\/farm8.staticflickr.com\/7118\/7669313170_82ea3fab64.jpg\" alt=\"Sista dagen i Slovenien\" width=\"500\" height=\"500\" \/><\/a><\/p>\n","protected":false},"excerpt":{"rendered":"<p>Det blev lite bloggtystnad \u00e4nd\u00e5. Vi har h\u00e4ngt i favoritbyn Piran i Slovenien och hotellets internet l\u00e4mnar en hel del \u00f6vrigt att \u00f6nska, om man s\u00e4ger s\u00e5. Har sett att det trillat in kommentarer, kul! Lyckas dock inte svara. Det kommer. Idag l\u00e4mnar vi Piran. Kanske blir n\u00e4tet b\u00e4ttre, kanske f\u00f6rsvinner det helt. L\u00e4mnar er &hellip; <a href=\"https:\/\/iminbokhylla.se\/?p=2694\" class=\"more-link\">Forts\u00e4tt l\u00e4sa<span class=\"screen-reader-text\"> \u201dH\u00e4rlig semester &#8211; uselt n\u00e4t\u201d<\/span><\/a><\/p>\n","protected":false},"author":1,"featured_media":0,"comment_status":"open","ping_status":"open","sticky":false,"template":"","format":"standard","meta":[],"categories":[4],"tags":[9],"featured_image_src":null,"featured_image_src_square":null,"author_info":{"display_name":"Josefine","author_link":"https:\/\/iminbokhylla.se\/?author=1"},"_links":{"self":[{"href":"https:\/\/iminbokhylla.se\/index.php?rest_route=\/wp\/v2\/posts\/2694"}],"collection":[{"href":"https:\/\/iminbokhylla.se\/index.php?rest_route=\/wp\/v2\/posts"}],"about":[{"href":"https:\/\/iminbokhylla.se\/index.php?rest_route=\/wp\/v2\/types\/post"}],"author":[{"embeddable":true,"href":"https:\/\/iminbokhylla.se\/index.php?rest_route=\/wp\/v2\/users\/1"}],"replies":[{"embeddable":true,"href":"https:\/\/iminbokhylla.se\/index.php?rest_route=%2Fwp%2Fv2%2Fcomments&post=2694"}],"version-history":[{"count":0,"href":"https:\/\/iminbokhylla.se\/index.php?rest_route=\/wp\/v2\/posts\/2694\/revisions"}],"wp:attachment":[{"href":"https:\/\/iminbokhylla.se\/index.php?rest_route=%2Fwp%2Fv2%2Fmedia&parent=2694"}],"wp:term":[{"taxonomy":"category","embeddable":true,"href":"https:\/\/iminbokhylla.se\/index.php?rest_route=%2Fwp%2Fv2%2Fcategories&post=2694"},{"taxonomy":"post_tag","embeddable":true,"href":"https:\/\/iminbokhylla.se\/index.php?rest_route=%2Fwp%2Fv2%2Ftags&post=2694"}],"curies":[{"name":"wp","href":"https:\/\/api.w.org\/{rel}","templated":true}]}}