{"id":2687,"date":"2012-07-25T11:30:28","date_gmt":"2012-07-25T09:30:28","guid":{"rendered":"https:\/\/iminbokhylla.se\/?p=2687"},"modified":"2012-07-10T19:36:17","modified_gmt":"2012-07-10T17:36:17","slug":"2687","status":"publish","type":"post","link":"https:\/\/iminbokhylla.se\/?p=2687","title":{"rendered":"Hur viktigt \u00e4r omslaget?"},"content":{"rendered":"<p>Omslag. Hur viktigt \u00e4r bokens omslag? Ganska viktigt, tycker jag. Jag har haft b\u00f6cker liggandes ol\u00e4sta ganska l\u00e4nge eftersom omslaget inte tilltalat mig. \u00c5 andra sidan tycker jag nog att titeln \u00e4r \u00e4nnu viktigare \u00e4n omslaget. <strong>Vad tycker du?<\/strong><\/p>\n<p>L\u00e4ste <a href=\"http:\/\/blog.eyemagazine.com\/?p=13361\">ett blogginl\u00e4gg<\/a> om b\u00f6cker vars omslag best\u00e5r av text och inga bilder. Kul grepp! Men just dessa exempel  var inte s\u00e5 vackra. <\/p>\n","protected":false},"excerpt":{"rendered":"<p>Omslag. Hur viktigt \u00e4r bokens omslag? Ganska viktigt, tycker jag. Jag har haft b\u00f6cker liggandes ol\u00e4sta ganska l\u00e4nge eftersom omslaget inte tilltalat mig. \u00c5 andra sidan tycker jag nog att titeln \u00e4r \u00e4nnu viktigare \u00e4n omslaget. Vad tycker du? L\u00e4ste ett blogginl\u00e4gg om b\u00f6cker vars omslag best\u00e5r av text och inga bilder. Kul grepp! Men &hellip; <a href=\"https:\/\/iminbokhylla.se\/?p=2687\" class=\"more-link\">Forts\u00e4tt l\u00e4sa<span class=\"screen-reader-text\"> \u201dHur viktigt \u00e4r omslaget?\u201d<\/span><\/a><\/p>\n","protected":false},"author":1,"featured_media":0,"comment_status":"open","ping_status":"open","sticky":false,"template":"","format":"standard","meta":[],"categories":[4],"tags":[9],"featured_image_src":null,"featured_image_src_square":null,"author_info":{"display_name":"Josefine","author_link":"https:\/\/iminbokhylla.se\/?author=1"},"_links":{"self":[{"href":"https:\/\/iminbokhylla.se\/index.php?rest_route=\/wp\/v2\/posts\/2687"}],"collection":[{"href":"https:\/\/iminbokhylla.se\/index.php?rest_route=\/wp\/v2\/posts"}],"about":[{"href":"https:\/\/iminbokhylla.se\/index.php?rest_route=\/wp\/v2\/types\/post"}],"author":[{"embeddable":true,"href":"https:\/\/iminbokhylla.se\/index.php?rest_route=\/wp\/v2\/users\/1"}],"replies":[{"embeddable":true,"href":"https:\/\/iminbokhylla.se\/index.php?rest_route=%2Fwp%2Fv2%2Fcomments&post=2687"}],"version-history":[{"count":0,"href":"https:\/\/iminbokhylla.se\/index.php?rest_route=\/wp\/v2\/posts\/2687\/revisions"}],"wp:attachment":[{"href":"https:\/\/iminbokhylla.se\/index.php?rest_route=%2Fwp%2Fv2%2Fmedia&parent=2687"}],"wp:term":[{"taxonomy":"category","embeddable":true,"href":"https:\/\/iminbokhylla.se\/index.php?rest_route=%2Fwp%2Fv2%2Fcategories&post=2687"},{"taxonomy":"post_tag","embeddable":true,"href":"https:\/\/iminbokhylla.se\/index.php?rest_route=%2Fwp%2Fv2%2Ftags&post=2687"}],"curies":[{"name":"wp","href":"https:\/\/api.w.org\/{rel}","templated":true}]}}