{"id":2677,"date":"2012-07-23T11:22:53","date_gmt":"2012-07-23T09:22:53","guid":{"rendered":"https:\/\/iminbokhylla.se\/?p=2677"},"modified":"2012-07-10T19:23:11","modified_gmt":"2012-07-10T17:23:11","slug":"det-ar-dags-att-prata-om-filmatiseringar-igen","status":"publish","type":"post","link":"https:\/\/iminbokhylla.se\/?p=2677","title":{"rendered":"Det \u00e4r dags att prata om filmatiseringar igen"},"content":{"rendered":"<p>Vi har ju diskuterat <a href=\"https:\/\/iminbokhylla.se\/?p=348\">om filmen n\u00e5gonsin \u00e4r b\u00e4ttre \u00e4n boken tidigare<\/a>. H\u00e4romveckan s\u00e5g jag filmatiseringen av En dag. Som ni kanske <a href=\"https:\/\/iminbokhylla.se\/?p=2139\">minns gillade jag verkligen boken<\/a>.<\/p>\n<p>Boken var varm, rolig, mysig, ledsam, medryckande, h\u00e4rlig. Filmen enkel, kortfattad, hastig och grep inte tag i mig alls. Trist! Men visst, det kan absolut vara s\u00e5 att jag tyckt att filmen varit bra om jag inte l\u00e4st boken f\u00f6rst. <\/p>\n<p><strong>Har n\u00e5gon av er sett filmen? Vad tyckte ni?<\/strong><\/p>\n<p><a href=\"https:\/\/iminbokhylla.se\/wp-content\/uploads\/2012\/07\/En-dag.jpg\"><img loading=\"lazy\" src=\"https:\/\/iminbokhylla.se\/wp-content\/uploads\/2012\/07\/En-dag-300x257.jpg\" alt=\"\" title=\"En dag\" width=\"300\" height=\"257\" class=\"alignleft size-medium wp-image-2678\" srcset=\"https:\/\/iminbokhylla.se\/wp-content\/uploads\/2012\/07\/En-dag-300x257.jpg 300w, https:\/\/iminbokhylla.se\/wp-content\/uploads\/2012\/07\/En-dag.jpg 600w\" sizes=\"(max-width: 300px) 85vw, 300px\" \/><\/a><\/p>\n","protected":false},"excerpt":{"rendered":"<p>Vi har ju diskuterat om filmen n\u00e5gonsin \u00e4r b\u00e4ttre \u00e4n boken tidigare. H\u00e4romveckan s\u00e5g jag filmatiseringen av En dag. Som ni kanske minns gillade jag verkligen boken. Boken var varm, rolig, mysig, ledsam, medryckande, h\u00e4rlig. Filmen enkel, kortfattad, hastig och grep inte tag i mig alls. Trist! Men visst, det kan absolut vara s\u00e5 att &hellip; <a href=\"https:\/\/iminbokhylla.se\/?p=2677\" class=\"more-link\">Forts\u00e4tt l\u00e4sa<span class=\"screen-reader-text\"> \u201dDet \u00e4r dags att prata om filmatiseringar igen\u201d<\/span><\/a><\/p>\n","protected":false},"author":1,"featured_media":0,"comment_status":"open","ping_status":"open","sticky":false,"template":"","format":"standard","meta":[],"categories":[4],"tags":[9],"featured_image_src":null,"featured_image_src_square":null,"author_info":{"display_name":"Josefine","author_link":"https:\/\/iminbokhylla.se\/?author=1"},"_links":{"self":[{"href":"https:\/\/iminbokhylla.se\/index.php?rest_route=\/wp\/v2\/posts\/2677"}],"collection":[{"href":"https:\/\/iminbokhylla.se\/index.php?rest_route=\/wp\/v2\/posts"}],"about":[{"href":"https:\/\/iminbokhylla.se\/index.php?rest_route=\/wp\/v2\/types\/post"}],"author":[{"embeddable":true,"href":"https:\/\/iminbokhylla.se\/index.php?rest_route=\/wp\/v2\/users\/1"}],"replies":[{"embeddable":true,"href":"https:\/\/iminbokhylla.se\/index.php?rest_route=%2Fwp%2Fv2%2Fcomments&post=2677"}],"version-history":[{"count":0,"href":"https:\/\/iminbokhylla.se\/index.php?rest_route=\/wp\/v2\/posts\/2677\/revisions"}],"wp:attachment":[{"href":"https:\/\/iminbokhylla.se\/index.php?rest_route=%2Fwp%2Fv2%2Fmedia&parent=2677"}],"wp:term":[{"taxonomy":"category","embeddable":true,"href":"https:\/\/iminbokhylla.se\/index.php?rest_route=%2Fwp%2Fv2%2Fcategories&post=2677"},{"taxonomy":"post_tag","embeddable":true,"href":"https:\/\/iminbokhylla.se\/index.php?rest_route=%2Fwp%2Fv2%2Ftags&post=2677"}],"curies":[{"name":"wp","href":"https:\/\/api.w.org\/{rel}","templated":true}]}}