{"id":2646,"date":"2012-07-15T10:49:00","date_gmt":"2012-07-15T08:49:00","guid":{"rendered":"https:\/\/iminbokhylla.se\/?p=2646"},"modified":"2012-07-10T19:44:42","modified_gmt":"2012-07-10T17:44:42","slug":"bocker-for-tre-veckor-i-europa","status":"publish","type":"post","link":"https:\/\/iminbokhylla.se\/?p=2646","title":{"rendered":"B\u00f6cker f\u00f6r tre veckor i Europa"},"content":{"rendered":"<p>Min semester har b\u00f6rjat. 5 veckor i rad! Rekord och fantastiskt f\u00f6rst\u00e5s. Vi rivstartar med att l\u00e4mna Sverige imorgon. Tre veckors bilande i Europa. 533 mil och en rutt genom Danmark, Tyskland, Luxemburg, Frankrike, Schweiz, Lichtenstein, Italien, Slovenien, Kroatien, \u00d6sterrike, Slovakien, Tjeckien, Tyskland, Danmark.<\/p>\n<p>Just nu p\u00e5g\u00e5r packningen f\u00f6r fullt. Ipaden \u00e4r fulladdad med b\u00f6cker, b\u00e5de recensionsexemplar, gamla hyllv\u00e4rmare och l\u00e5neb\u00f6cker fr\u00e5n bibblan. Men ipaden \u00e4r ju inte optimal f\u00f6r alla tillf\u00e4llen, s\u00e5 en del pocketb\u00f6cker m\u00e5ste kl\u00e4mmas ned ocks\u00e5. Eftersom delar av reses\u00e4llskapet l\u00e4ser lika mycket som jag har vi givetvis synkat b\u00f6ckerna s\u00e5 att vi inte tar med dubletter eller b\u00f6cker den andra redan l\u00e4st. <\/p>\n<p>Men bara f\u00f6r att jag reser bort tar inte I min bokhylla semester. Trevlig sommar!<\/p>\n<p><a href=\"http:\/\/www.flickr.com\/photos\/granding\/5817583881\/\" title=\"Sommar p\u00e5 balkongen by Granding, on Flickr\"><img loading=\"lazy\" src=\"http:\/\/farm3.staticflickr.com\/2661\/5817583881_db58d1cb43.jpg\" width=\"500\" height=\"374\" alt=\"Sommar p\u00e5 balkongen\"><\/a><\/p>\n","protected":false},"excerpt":{"rendered":"<p>Min semester har b\u00f6rjat. 5 veckor i rad! Rekord och fantastiskt f\u00f6rst\u00e5s. Vi rivstartar med att l\u00e4mna Sverige imorgon. Tre veckors bilande i Europa. 533 mil och en rutt genom Danmark, Tyskland, Luxemburg, Frankrike, Schweiz, Lichtenstein, Italien, Slovenien, Kroatien, \u00d6sterrike, Slovakien, Tjeckien, Tyskland, Danmark. Just nu p\u00e5g\u00e5r packningen f\u00f6r fullt. Ipaden \u00e4r fulladdad med b\u00f6cker, &hellip; <a href=\"https:\/\/iminbokhylla.se\/?p=2646\" class=\"more-link\">Forts\u00e4tt l\u00e4sa<span class=\"screen-reader-text\"> \u201dB\u00f6cker f\u00f6r tre veckor i Europa\u201d<\/span><\/a><\/p>\n","protected":false},"author":1,"featured_media":0,"comment_status":"open","ping_status":"open","sticky":false,"template":"","format":"standard","meta":[],"categories":[4],"tags":[9],"featured_image_src":null,"featured_image_src_square":null,"author_info":{"display_name":"Josefine","author_link":"https:\/\/iminbokhylla.se\/?author=1"},"_links":{"self":[{"href":"https:\/\/iminbokhylla.se\/index.php?rest_route=\/wp\/v2\/posts\/2646"}],"collection":[{"href":"https:\/\/iminbokhylla.se\/index.php?rest_route=\/wp\/v2\/posts"}],"about":[{"href":"https:\/\/iminbokhylla.se\/index.php?rest_route=\/wp\/v2\/types\/post"}],"author":[{"embeddable":true,"href":"https:\/\/iminbokhylla.se\/index.php?rest_route=\/wp\/v2\/users\/1"}],"replies":[{"embeddable":true,"href":"https:\/\/iminbokhylla.se\/index.php?rest_route=%2Fwp%2Fv2%2Fcomments&post=2646"}],"version-history":[{"count":0,"href":"https:\/\/iminbokhylla.se\/index.php?rest_route=\/wp\/v2\/posts\/2646\/revisions"}],"wp:attachment":[{"href":"https:\/\/iminbokhylla.se\/index.php?rest_route=%2Fwp%2Fv2%2Fmedia&parent=2646"}],"wp:term":[{"taxonomy":"category","embeddable":true,"href":"https:\/\/iminbokhylla.se\/index.php?rest_route=%2Fwp%2Fv2%2Fcategories&post=2646"},{"taxonomy":"post_tag","embeddable":true,"href":"https:\/\/iminbokhylla.se\/index.php?rest_route=%2Fwp%2Fv2%2Ftags&post=2646"}],"curies":[{"name":"wp","href":"https:\/\/api.w.org\/{rel}","templated":true}]}}