{"id":262,"date":"2010-12-13T12:32:03","date_gmt":"2010-12-13T10:32:03","guid":{"rendered":"https:\/\/iminbokhylla.se\/?p=262"},"modified":"2011-07-27T16:34:07","modified_gmt":"2011-07-27T14:34:07","slug":"radiotystnad","status":"publish","type":"post","link":"https:\/\/iminbokhylla.se\/?p=262","title":{"rendered":"Radiotystnad &#8230;"},"content":{"rendered":"<p>Det \u00e4r tyst h\u00e4r just nu. Det beror p\u00e5 att jag pl\u00f6tsligt st\u00e5r utan jobb. <a href=\"http:\/\/www.granding.nu\/2010\/12\/10\/utan-jobb\/\">Mer info h\u00e4r om n\u00e5gon \u00e4r intresserad<\/a>. <\/p>\n<p>Detta inneb\u00e4r, just nu, att jag varken har tid eller ro att l\u00e4sa. Dessutom tycker jag att &#8221;kungaboken&#8221; \u00e4r s\u00e5d\u00e4r, s\u00e5 det \u00e4r inget jag kastar mig \u00f6ver heller. Bokcirkeln \u00e4r flyttad, s\u00e5 jag har i alla fall inte den bokstressen kvar. \ud83d\ude42<\/p>\n","protected":false},"excerpt":{"rendered":"<p>Det \u00e4r tyst h\u00e4r just nu. Det beror p\u00e5 att jag pl\u00f6tsligt st\u00e5r utan jobb. Mer info h\u00e4r om n\u00e5gon \u00e4r intresserad. Detta inneb\u00e4r, just nu, att jag varken har tid eller ro att l\u00e4sa. Dessutom tycker jag att &#8221;kungaboken&#8221; \u00e4r s\u00e5d\u00e4r, s\u00e5 det \u00e4r inget jag kastar mig \u00f6ver heller. Bokcirkeln \u00e4r flyttad, s\u00e5 &hellip; <a href=\"https:\/\/iminbokhylla.se\/?p=262\" class=\"more-link\">Forts\u00e4tt l\u00e4sa<span class=\"screen-reader-text\"> \u201dRadiotystnad &#8230;\u201d<\/span><\/a><\/p>\n","protected":false},"author":1,"featured_media":0,"comment_status":"open","ping_status":"open","sticky":false,"template":"","format":"standard","meta":[],"categories":[4],"tags":[9],"featured_image_src":null,"featured_image_src_square":null,"author_info":{"display_name":"Josefine","author_link":"https:\/\/iminbokhylla.se\/?author=1"},"_links":{"self":[{"href":"https:\/\/iminbokhylla.se\/index.php?rest_route=\/wp\/v2\/posts\/262"}],"collection":[{"href":"https:\/\/iminbokhylla.se\/index.php?rest_route=\/wp\/v2\/posts"}],"about":[{"href":"https:\/\/iminbokhylla.se\/index.php?rest_route=\/wp\/v2\/types\/post"}],"author":[{"embeddable":true,"href":"https:\/\/iminbokhylla.se\/index.php?rest_route=\/wp\/v2\/users\/1"}],"replies":[{"embeddable":true,"href":"https:\/\/iminbokhylla.se\/index.php?rest_route=%2Fwp%2Fv2%2Fcomments&post=262"}],"version-history":[{"count":0,"href":"https:\/\/iminbokhylla.se\/index.php?rest_route=\/wp\/v2\/posts\/262\/revisions"}],"wp:attachment":[{"href":"https:\/\/iminbokhylla.se\/index.php?rest_route=%2Fwp%2Fv2%2Fmedia&parent=262"}],"wp:term":[{"taxonomy":"category","embeddable":true,"href":"https:\/\/iminbokhylla.se\/index.php?rest_route=%2Fwp%2Fv2%2Fcategories&post=262"},{"taxonomy":"post_tag","embeddable":true,"href":"https:\/\/iminbokhylla.se\/index.php?rest_route=%2Fwp%2Fv2%2Ftags&post=262"}],"curies":[{"name":"wp","href":"https:\/\/api.w.org\/{rel}","templated":true}]}}