{"id":2562,"date":"2012-06-20T11:21:17","date_gmt":"2012-06-20T09:21:17","guid":{"rendered":"https:\/\/iminbokhylla.se\/?p=2562"},"modified":"2012-06-20T10:21:29","modified_gmt":"2012-06-20T08:21:29","slug":"ny-book-book-ja-ok-ny-ipad-ocksa","status":"publish","type":"post","link":"https:\/\/iminbokhylla.se\/?p=2562","title":{"rendered":"Ny book book! (Ja, ok, ny ipad ocks\u00e5)"},"content":{"rendered":"<p>Jag har <a href=\"https:\/\/iminbokhylla.se\/?p=2230\">ju<\/a> flera <a href=\"https:\/\/iminbokhylla.se\/?p=1752\">g\u00e5nger<\/a> ber\u00e4ttat om mitt kluvna f\u00f6rh\u00e5llande till att l\u00e4sa e-b\u00f6cker. Jag har ett m\u00e4rkligt motst\u00e5nd till att b\u00f6rja, men n\u00e4r jag v\u00e4l l\u00e4ser tycker jag att det funkar perfekt. Konstigt. Jag har ocks\u00e5 ber\u00e4ttat att jag har skaffat ett <a href=\"https:\/\/iminbokhylla.se\/?p=241\">fodral<\/a> som g\u00f6r att min <a href=\"https:\/\/iminbokhylla.se\/?p=244\">ipad ser ut som en bok<\/a>. \u00c4ven <a href=\"https:\/\/iminbokhylla.se\/?p=1374\">telefonen fick ett s\u00e5dant fodral<\/a>.<\/p>\n<p><a href=\"https:\/\/iminbokhylla.se\/wp-content\/uploads\/2012\/06\/Sk\u00e4rmavbild-2012-06-20-kl.-10.08.46.png\"><img loading=\"lazy\" src=\"https:\/\/iminbokhylla.se\/wp-content\/uploads\/2012\/06\/Sk\u00e4rmavbild-2012-06-20-kl.-10.08.46-300x176.png\" alt=\"\" title=\"Nya Book Book\" width=\"300\" height=\"176\" class=\"alignleft size-medium wp-image-2565\" srcset=\"https:\/\/iminbokhylla.se\/wp-content\/uploads\/2012\/06\/Sk\u00e4rmavbild-2012-06-20-kl.-10.08.46-300x176.png 300w, https:\/\/iminbokhylla.se\/wp-content\/uploads\/2012\/06\/Sk\u00e4rmavbild-2012-06-20-kl.-10.08.46.png 660w\" sizes=\"(max-width: 300px) 85vw, 300px\" \/><\/a><\/p>\n<p>Idag har jag blivit med ny ipad. Och det f\u00f6rsta jag gjorde var f\u00f6rst\u00e5s att k\u00f6pa ett nytt fodral. Dessutom har jag uppt\u00e4ckt biblioteket igen, och ska b\u00f6rja l\u00e5na. Nu j\u00e4klar ska jag b\u00f6rja e-l\u00e4sa mer!<\/p>\n","protected":false},"excerpt":{"rendered":"<p>Jag har ju flera g\u00e5nger ber\u00e4ttat om mitt kluvna f\u00f6rh\u00e5llande till att l\u00e4sa e-b\u00f6cker. Jag har ett m\u00e4rkligt motst\u00e5nd till att b\u00f6rja, men n\u00e4r jag v\u00e4l l\u00e4ser tycker jag att det funkar perfekt. Konstigt. Jag har ocks\u00e5 ber\u00e4ttat att jag har skaffat ett fodral som g\u00f6r att min ipad ser ut som en bok. \u00c4ven &hellip; <a href=\"https:\/\/iminbokhylla.se\/?p=2562\" class=\"more-link\">Forts\u00e4tt l\u00e4sa<span class=\"screen-reader-text\"> \u201dNy book book! (Ja, ok, ny ipad ocks\u00e5)\u201d<\/span><\/a><\/p>\n","protected":false},"author":1,"featured_media":0,"comment_status":"open","ping_status":"open","sticky":false,"template":"","format":"standard","meta":[],"categories":[4],"tags":[9],"featured_image_src":null,"featured_image_src_square":null,"author_info":{"display_name":"Josefine","author_link":"https:\/\/iminbokhylla.se\/?author=1"},"_links":{"self":[{"href":"https:\/\/iminbokhylla.se\/index.php?rest_route=\/wp\/v2\/posts\/2562"}],"collection":[{"href":"https:\/\/iminbokhylla.se\/index.php?rest_route=\/wp\/v2\/posts"}],"about":[{"href":"https:\/\/iminbokhylla.se\/index.php?rest_route=\/wp\/v2\/types\/post"}],"author":[{"embeddable":true,"href":"https:\/\/iminbokhylla.se\/index.php?rest_route=\/wp\/v2\/users\/1"}],"replies":[{"embeddable":true,"href":"https:\/\/iminbokhylla.se\/index.php?rest_route=%2Fwp%2Fv2%2Fcomments&post=2562"}],"version-history":[{"count":0,"href":"https:\/\/iminbokhylla.se\/index.php?rest_route=\/wp\/v2\/posts\/2562\/revisions"}],"wp:attachment":[{"href":"https:\/\/iminbokhylla.se\/index.php?rest_route=%2Fwp%2Fv2%2Fmedia&parent=2562"}],"wp:term":[{"taxonomy":"category","embeddable":true,"href":"https:\/\/iminbokhylla.se\/index.php?rest_route=%2Fwp%2Fv2%2Fcategories&post=2562"},{"taxonomy":"post_tag","embeddable":true,"href":"https:\/\/iminbokhylla.se\/index.php?rest_route=%2Fwp%2Fv2%2Ftags&post=2562"}],"curies":[{"name":"wp","href":"https:\/\/api.w.org\/{rel}","templated":true}]}}