{"id":256,"date":"2010-12-07T00:24:58","date_gmt":"2010-12-06T22:24:58","guid":{"rendered":"https:\/\/iminbokhylla.se\/?p=256"},"modified":"2011-07-27T16:34:29","modified_gmt":"2011-07-27T14:34:29","slug":"kungabokspaus-och-bokstress","status":"publish","type":"post","link":"https:\/\/iminbokhylla.se\/?p=256","title":{"rendered":"Kungabokspaus och bokstress"},"content":{"rendered":"<p>Jag har gjort det igen. Det \u00e4r en vecka kvar till n\u00e4sta bokcirkelstr\u00e4ff och jag har inte ens b\u00f6rjat l\u00e4sa boken. Imorgon \u00e4r det jag som tar itu med Den stygga flickans rackartyg av \u00e5rets Nobelpristagare Mario Vargas Llosa. En vecka har jag p\u00e5 mig. Det ska g\u00e5.<\/p>\n<p>Och ni som undrar var kungaboksrecensionen tagit v\u00e4gen: den kommer men det g\u00e5r l\u00e5ngsamt. Saker som h\u00e4nt i mitt liv har gjort att jag har minimalt med tid f\u00f6r l\u00e4sning just nu. Och nu f\u00e5r det bli kungabokspaus till f\u00f6rm\u00e5n f\u00f6r bokcirkell\u00e4sning.  <\/p>\n","protected":false},"excerpt":{"rendered":"<p>Jag har gjort det igen. Det \u00e4r en vecka kvar till n\u00e4sta bokcirkelstr\u00e4ff och jag har inte ens b\u00f6rjat l\u00e4sa boken. Imorgon \u00e4r det jag som tar itu med Den stygga flickans rackartyg av \u00e5rets Nobelpristagare Mario Vargas Llosa. En vecka har jag p\u00e5 mig. Det ska g\u00e5. Och ni som undrar var kungaboksrecensionen tagit &hellip; <a href=\"https:\/\/iminbokhylla.se\/?p=256\" class=\"more-link\">Forts\u00e4tt l\u00e4sa<span class=\"screen-reader-text\"> \u201dKungabokspaus och bokstress\u201d<\/span><\/a><\/p>\n","protected":false},"author":1,"featured_media":0,"comment_status":"open","ping_status":"open","sticky":false,"template":"","format":"standard","meta":[],"categories":[4],"tags":[9],"featured_image_src":null,"featured_image_src_square":null,"author_info":{"display_name":"Josefine","author_link":"https:\/\/iminbokhylla.se\/?author=1"},"_links":{"self":[{"href":"https:\/\/iminbokhylla.se\/index.php?rest_route=\/wp\/v2\/posts\/256"}],"collection":[{"href":"https:\/\/iminbokhylla.se\/index.php?rest_route=\/wp\/v2\/posts"}],"about":[{"href":"https:\/\/iminbokhylla.se\/index.php?rest_route=\/wp\/v2\/types\/post"}],"author":[{"embeddable":true,"href":"https:\/\/iminbokhylla.se\/index.php?rest_route=\/wp\/v2\/users\/1"}],"replies":[{"embeddable":true,"href":"https:\/\/iminbokhylla.se\/index.php?rest_route=%2Fwp%2Fv2%2Fcomments&post=256"}],"version-history":[{"count":0,"href":"https:\/\/iminbokhylla.se\/index.php?rest_route=\/wp\/v2\/posts\/256\/revisions"}],"wp:attachment":[{"href":"https:\/\/iminbokhylla.se\/index.php?rest_route=%2Fwp%2Fv2%2Fmedia&parent=256"}],"wp:term":[{"taxonomy":"category","embeddable":true,"href":"https:\/\/iminbokhylla.se\/index.php?rest_route=%2Fwp%2Fv2%2Fcategories&post=256"},{"taxonomy":"post_tag","embeddable":true,"href":"https:\/\/iminbokhylla.se\/index.php?rest_route=%2Fwp%2Fv2%2Ftags&post=256"}],"curies":[{"name":"wp","href":"https:\/\/api.w.org\/{rel}","templated":true}]}}