{"id":2466,"date":"2012-06-06T09:44:41","date_gmt":"2012-06-06T07:44:41","guid":{"rendered":"https:\/\/iminbokhylla.se\/?p=2466"},"modified":"2012-06-11T11:11:18","modified_gmt":"2012-06-11T09:11:18","slug":"klyschiga-karaktarer-och-staplade-ord","status":"publish","type":"post","link":"https:\/\/iminbokhylla.se\/?p=2466","title":{"rendered":"Klyschiga karakt\u00e4rer och staplade ord"},"content":{"rendered":"<p><strong>Bok:<\/strong> Ondskans pris<br \/>\n<strong>F\u00f6rfattare:<\/strong> Set Mattsson<br \/>\n<strong>F\u00f6rlag:<\/strong> Historiska Media<\/p>\n<p><em>Recensionsexemplar fr\u00e5n Historiska Media<\/em><\/p>\n<p><a href=\"https:\/\/iminbokhylla.se\/wp-content\/uploads\/2012\/06\/ondskans-pris.jpg\"><img loading=\"lazy\" src=\"https:\/\/iminbokhylla.se\/wp-content\/uploads\/2012\/06\/ondskans-pris-186x300.jpg\" alt=\"\" title=\"ondskans pris\" width=\"186\" height=\"300\" class=\"alignleft size-medium wp-image-2467\" srcset=\"https:\/\/iminbokhylla.se\/wp-content\/uploads\/2012\/06\/ondskans-pris-186x300.jpg 186w, https:\/\/iminbokhylla.se\/wp-content\/uploads\/2012\/06\/ondskans-pris.jpg 497w\" sizes=\"(max-width: 186px) 85vw, 186px\" \/><\/a><\/p>\n<p>Malm\u00f6polisen Douglas Palm f\u00e5r i uppgift att reda ut vem som m\u00f6rdat en av de tusentals flyktingar som kommit till stan fr\u00e5n f\u00f6rintelsel\u00e4gren. <\/p>\n<p>Som en r\u00f6d tr\u00e5d g\u00e5r utredningen av mordet. Men under resans g\u00e5ng f\u00e5r Douglas ocks\u00e5 utreda andra brott. Jag k\u00e4nner att f\u00f6rfattaren f\u00f6rs\u00f6ker gapa \u00f6ver f\u00f6r mycket. Handlingen spretar \u00e5t alla h\u00e5ll och karakt\u00e4rerna i boken blir mest klyschor. Jagande journalist utan heder med stor aptit p\u00e5 sprit och kvinnor, l\u00e4gerf\u00e5ngvaktare i nazistl\u00e4ger, lesbisk polis, sexanspelningar, barnv\u00e5ldt\u00e4kter. Jag f\u00e5r heller ingen k\u00e4nsla av dessa personer. <\/p>\n<p>I en bra skriven bok grips jag av personernas \u00f6den. H\u00e4r k\u00e4nns det mest som ord staplade p\u00e5 varandra. Nej, det h\u00e4r var inget f\u00f6r mig. <\/p>\n<p><img loading=\"lazy\" src=\"https:\/\/iminbokhylla.se\/betyg_1.png\" alt=\"betyg\" width=\"472\" height=\"99\" \/><\/p>\n","protected":false},"excerpt":{"rendered":"<p>Bok: Ondskans pris F\u00f6rfattare: Set Mattsson F\u00f6rlag: Historiska Media Recensionsexemplar fr\u00e5n Historiska Media Malm\u00f6polisen Douglas Palm f\u00e5r i uppgift att reda ut vem som m\u00f6rdat en av de tusentals flyktingar som kommit till stan fr\u00e5n f\u00f6rintelsel\u00e4gren. Som en r\u00f6d tr\u00e5d g\u00e5r utredningen av mordet. Men under resans g\u00e5ng f\u00e5r Douglas ocks\u00e5 utreda andra brott. Jag &hellip; <a href=\"https:\/\/iminbokhylla.se\/?p=2466\" class=\"more-link\">Forts\u00e4tt l\u00e4sa<span class=\"screen-reader-text\"> \u201dKlyschiga karakt\u00e4rer och staplade ord\u201d<\/span><\/a><\/p>\n","protected":false},"author":3,"featured_media":0,"comment_status":"open","ping_status":"open","sticky":false,"template":"","format":"standard","meta":[],"categories":[3],"tags":[10],"featured_image_src":null,"featured_image_src_square":null,"author_info":{"display_name":"Monica","author_link":"https:\/\/iminbokhylla.se\/?author=3"},"_links":{"self":[{"href":"https:\/\/iminbokhylla.se\/index.php?rest_route=\/wp\/v2\/posts\/2466"}],"collection":[{"href":"https:\/\/iminbokhylla.se\/index.php?rest_route=\/wp\/v2\/posts"}],"about":[{"href":"https:\/\/iminbokhylla.se\/index.php?rest_route=\/wp\/v2\/types\/post"}],"author":[{"embeddable":true,"href":"https:\/\/iminbokhylla.se\/index.php?rest_route=\/wp\/v2\/users\/3"}],"replies":[{"embeddable":true,"href":"https:\/\/iminbokhylla.se\/index.php?rest_route=%2Fwp%2Fv2%2Fcomments&post=2466"}],"version-history":[{"count":0,"href":"https:\/\/iminbokhylla.se\/index.php?rest_route=\/wp\/v2\/posts\/2466\/revisions"}],"wp:attachment":[{"href":"https:\/\/iminbokhylla.se\/index.php?rest_route=%2Fwp%2Fv2%2Fmedia&parent=2466"}],"wp:term":[{"taxonomy":"category","embeddable":true,"href":"https:\/\/iminbokhylla.se\/index.php?rest_route=%2Fwp%2Fv2%2Fcategories&post=2466"},{"taxonomy":"post_tag","embeddable":true,"href":"https:\/\/iminbokhylla.se\/index.php?rest_route=%2Fwp%2Fv2%2Ftags&post=2466"}],"curies":[{"name":"wp","href":"https:\/\/api.w.org\/{rel}","templated":true}]}}