{"id":2458,"date":"2012-06-05T20:01:28","date_gmt":"2012-06-05T18:01:28","guid":{"rendered":"https:\/\/iminbokhylla.se\/?p=2458"},"modified":"2012-06-06T09:35:43","modified_gmt":"2012-06-06T07:35:43","slug":"nu-galler-det-att-lasa-snabbt","status":"publish","type":"post","link":"https:\/\/iminbokhylla.se\/?p=2458","title":{"rendered":"Nu g\u00e4ller det att l\u00e4sa snabbt!"},"content":{"rendered":"<p>P\u00e5 torsdag denna vecka har jag en bokcirkel med en tunn bok och ett texth\u00e4fte. P\u00e5 m\u00e5ndag ska jag p\u00e5 en f\u00f6rlagsfest med bokcirklande kring tv\u00e5 b\u00f6cker och p\u00e5 tisdag har min vanliga bokcirkel tr\u00e4ff med en bok. S\u00e5 nu g\u00e4ller det att l\u00e4sa, och att l\u00e4sa snabbt!<\/p>\n<p><a href=\"http:\/\/www.flickr.com\/photos\/granding\/7342229914\/\" title=\"B\u00f6cker by Granding, on Flickr\"><img loading=\"lazy\" src=\"http:\/\/farm8.staticflickr.com\/7079\/7342229914_f942846989_n.jpg\" width=\"320\" height=\"320\" alt=\"B\u00f6cker\"><\/a><\/p>\n","protected":false},"excerpt":{"rendered":"<p>P\u00e5 torsdag denna vecka har jag en bokcirkel med en tunn bok och ett texth\u00e4fte. P\u00e5 m\u00e5ndag ska jag p\u00e5 en f\u00f6rlagsfest med bokcirklande kring tv\u00e5 b\u00f6cker och p\u00e5 tisdag har min vanliga bokcirkel tr\u00e4ff med en bok. S\u00e5 nu g\u00e4ller det att l\u00e4sa, och att l\u00e4sa snabbt!<\/p>\n","protected":false},"author":1,"featured_media":0,"comment_status":"open","ping_status":"open","sticky":false,"template":"","format":"standard","meta":[],"categories":[4],"tags":[9],"featured_image_src":null,"featured_image_src_square":null,"author_info":{"display_name":"Josefine","author_link":"https:\/\/iminbokhylla.se\/?author=1"},"_links":{"self":[{"href":"https:\/\/iminbokhylla.se\/index.php?rest_route=\/wp\/v2\/posts\/2458"}],"collection":[{"href":"https:\/\/iminbokhylla.se\/index.php?rest_route=\/wp\/v2\/posts"}],"about":[{"href":"https:\/\/iminbokhylla.se\/index.php?rest_route=\/wp\/v2\/types\/post"}],"author":[{"embeddable":true,"href":"https:\/\/iminbokhylla.se\/index.php?rest_route=\/wp\/v2\/users\/1"}],"replies":[{"embeddable":true,"href":"https:\/\/iminbokhylla.se\/index.php?rest_route=%2Fwp%2Fv2%2Fcomments&post=2458"}],"version-history":[{"count":0,"href":"https:\/\/iminbokhylla.se\/index.php?rest_route=\/wp\/v2\/posts\/2458\/revisions"}],"wp:attachment":[{"href":"https:\/\/iminbokhylla.se\/index.php?rest_route=%2Fwp%2Fv2%2Fmedia&parent=2458"}],"wp:term":[{"taxonomy":"category","embeddable":true,"href":"https:\/\/iminbokhylla.se\/index.php?rest_route=%2Fwp%2Fv2%2Fcategories&post=2458"},{"taxonomy":"post_tag","embeddable":true,"href":"https:\/\/iminbokhylla.se\/index.php?rest_route=%2Fwp%2Fv2%2Ftags&post=2458"}],"curies":[{"name":"wp","href":"https:\/\/api.w.org\/{rel}","templated":true}]}}