{"id":2455,"date":"2012-05-29T21:30:46","date_gmt":"2012-05-29T19:30:46","guid":{"rendered":"https:\/\/iminbokhylla.se\/?p=2455"},"modified":"2012-06-12T11:16:40","modified_gmt":"2012-06-12T09:16:40","slug":"att-orka-eller-inte-orka","status":"publish","type":"post","link":"https:\/\/iminbokhylla.se\/?p=2455","title":{"rendered":"Att orka eller inte orka?"},"content":{"rendered":"<p>Jag reser till Irland imorgon. Ska p\u00e5 rundresa med min mamma. Nu sitter jag, f\u00e4rdigpackad, f\u00e4rdigjobbad, f\u00e4rdigfixad i soffan och k\u00e4nner att jag packat ned helt fel b\u00f6cker. Men orkar jag \u00f6ppna resv\u00e4skan, g\u00e5 en trappa ned och h\u00e4mta andra b\u00f6cker f\u00f6r att sedan packa om?<\/p>\n","protected":false},"excerpt":{"rendered":"<p>Jag reser till Irland imorgon. Ska p\u00e5 rundresa med min mamma. Nu sitter jag, f\u00e4rdigpackad, f\u00e4rdigjobbad, f\u00e4rdigfixad i soffan och k\u00e4nner att jag packat ned helt fel b\u00f6cker. Men orkar jag \u00f6ppna resv\u00e4skan, g\u00e5 en trappa ned och h\u00e4mta andra b\u00f6cker f\u00f6r att sedan packa om?<\/p>\n","protected":false},"author":1,"featured_media":0,"comment_status":"open","ping_status":"open","sticky":false,"template":"","format":"standard","meta":[],"categories":[4],"tags":[9],"featured_image_src":null,"featured_image_src_square":null,"author_info":{"display_name":"Josefine","author_link":"https:\/\/iminbokhylla.se\/?author=1"},"_links":{"self":[{"href":"https:\/\/iminbokhylla.se\/index.php?rest_route=\/wp\/v2\/posts\/2455"}],"collection":[{"href":"https:\/\/iminbokhylla.se\/index.php?rest_route=\/wp\/v2\/posts"}],"about":[{"href":"https:\/\/iminbokhylla.se\/index.php?rest_route=\/wp\/v2\/types\/post"}],"author":[{"embeddable":true,"href":"https:\/\/iminbokhylla.se\/index.php?rest_route=\/wp\/v2\/users\/1"}],"replies":[{"embeddable":true,"href":"https:\/\/iminbokhylla.se\/index.php?rest_route=%2Fwp%2Fv2%2Fcomments&post=2455"}],"version-history":[{"count":0,"href":"https:\/\/iminbokhylla.se\/index.php?rest_route=\/wp\/v2\/posts\/2455\/revisions"}],"wp:attachment":[{"href":"https:\/\/iminbokhylla.se\/index.php?rest_route=%2Fwp%2Fv2%2Fmedia&parent=2455"}],"wp:term":[{"taxonomy":"category","embeddable":true,"href":"https:\/\/iminbokhylla.se\/index.php?rest_route=%2Fwp%2Fv2%2Fcategories&post=2455"},{"taxonomy":"post_tag","embeddable":true,"href":"https:\/\/iminbokhylla.se\/index.php?rest_route=%2Fwp%2Fv2%2Ftags&post=2455"}],"curies":[{"name":"wp","href":"https:\/\/api.w.org\/{rel}","templated":true}]}}