{"id":2453,"date":"2012-05-28T22:06:54","date_gmt":"2012-05-28T20:06:54","guid":{"rendered":"https:\/\/iminbokhylla.se\/?p=2453"},"modified":"2012-05-28T22:06:54","modified_gmt":"2012-05-28T20:06:54","slug":"imorgon-kan-man-borja-planera","status":"publish","type":"post","link":"https:\/\/iminbokhylla.se\/?p=2453","title":{"rendered":"Imorgon kan man b\u00f6rja planera"},"content":{"rendered":"<p>Nu \u00e4r <a href=\"http:\/\/www.granding.se\/2012\/05\/27\/nu-ar-de-gifta\/\">de gifta<\/a> och jag kan t\u00e4nka p\u00e5 b\u00f6cker igen. \ud83d\ude42 Men f\u00f6rst ska jag t\u00e4nka p\u00e5 Bokm\u00e4ssan. Visst \u00e4r det \u00e4nnu en tid kvar, men imorgon sl\u00e4pps seminarieprogrammet s\u00e5 d\u00e5 kan man b\u00f6rja planera!<\/p>\n","protected":false},"excerpt":{"rendered":"<p>Nu \u00e4r de gifta och jag kan t\u00e4nka p\u00e5 b\u00f6cker igen. \ud83d\ude42 Men f\u00f6rst ska jag t\u00e4nka p\u00e5 Bokm\u00e4ssan. Visst \u00e4r det \u00e4nnu en tid kvar, men imorgon sl\u00e4pps seminarieprogrammet s\u00e5 d\u00e5 kan man b\u00f6rja planera!<\/p>\n","protected":false},"author":1,"featured_media":0,"comment_status":"open","ping_status":"open","sticky":false,"template":"","format":"standard","meta":[],"categories":[12],"tags":[9],"featured_image_src":null,"featured_image_src_square":null,"author_info":{"display_name":"Josefine","author_link":"https:\/\/iminbokhylla.se\/?author=1"},"_links":{"self":[{"href":"https:\/\/iminbokhylla.se\/index.php?rest_route=\/wp\/v2\/posts\/2453"}],"collection":[{"href":"https:\/\/iminbokhylla.se\/index.php?rest_route=\/wp\/v2\/posts"}],"about":[{"href":"https:\/\/iminbokhylla.se\/index.php?rest_route=\/wp\/v2\/types\/post"}],"author":[{"embeddable":true,"href":"https:\/\/iminbokhylla.se\/index.php?rest_route=\/wp\/v2\/users\/1"}],"replies":[{"embeddable":true,"href":"https:\/\/iminbokhylla.se\/index.php?rest_route=%2Fwp%2Fv2%2Fcomments&post=2453"}],"version-history":[{"count":0,"href":"https:\/\/iminbokhylla.se\/index.php?rest_route=\/wp\/v2\/posts\/2453\/revisions"}],"wp:attachment":[{"href":"https:\/\/iminbokhylla.se\/index.php?rest_route=%2Fwp%2Fv2%2Fmedia&parent=2453"}],"wp:term":[{"taxonomy":"category","embeddable":true,"href":"https:\/\/iminbokhylla.se\/index.php?rest_route=%2Fwp%2Fv2%2Fcategories&post=2453"},{"taxonomy":"post_tag","embeddable":true,"href":"https:\/\/iminbokhylla.se\/index.php?rest_route=%2Fwp%2Fv2%2Ftags&post=2453"}],"curies":[{"name":"wp","href":"https:\/\/api.w.org\/{rel}","templated":true}]}}