{"id":2413,"date":"2012-04-27T08:50:47","date_gmt":"2012-04-27T06:50:47","guid":{"rendered":"https:\/\/iminbokhylla.se\/?p=2413"},"modified":"2012-04-27T21:53:37","modified_gmt":"2012-04-27T19:53:37","slug":"bonnierforlagen-koper-pocketshop","status":"publish","type":"post","link":"https:\/\/iminbokhylla.se\/?p=2413","title":{"rendered":"Bonnierf\u00f6rlagen k\u00f6per Pocketshop"},"content":{"rendered":"<p>Ig\u00e5r <a href=\"http:\/\/www.dagensmedia.se\/nyheter\/print\/article3465123.ece\">skickade Bonnierf\u00f6rlagen ut ett pressmeddelande som sa att de har f\u00f6rv\u00e4rvat kedjan Pocket Shop<\/a>.<\/p>\n<p>Jag \u00e4r ingen storkund hos Pocket Shop och jag har jobbat inom Bonnier under st\u00f6rre delen av mitt yrkesverksamma liv, men visst k\u00e4nns det lite m\u00e4rkligt att en f\u00f6rlagsgrupp tar \u00f6ver en bokhandelskedja?<\/p>\n<p><a href=\"https:\/\/iminbokhylla.se\/wp-content\/uploads\/2012\/04\/pocketshop.gif\"><img loading=\"lazy\" src=\"https:\/\/iminbokhylla.se\/wp-content\/uploads\/2012\/04\/pocketshop.gif\" alt=\"\" title=\"pocketshop\" width=\"136\" height=\"78\" class=\"alignleft size-full wp-image-2415\" \/><\/a><\/p>\n","protected":false},"excerpt":{"rendered":"<p>Ig\u00e5r skickade Bonnierf\u00f6rlagen ut ett pressmeddelande som sa att de har f\u00f6rv\u00e4rvat kedjan Pocket Shop. Jag \u00e4r ingen storkund hos Pocket Shop och jag har jobbat inom Bonnier under st\u00f6rre delen av mitt yrkesverksamma liv, men visst k\u00e4nns det lite m\u00e4rkligt att en f\u00f6rlagsgrupp tar \u00f6ver en bokhandelskedja?<\/p>\n","protected":false},"author":1,"featured_media":0,"comment_status":"open","ping_status":"open","sticky":false,"template":"","format":"standard","meta":[],"categories":[4],"tags":[9],"featured_image_src":null,"featured_image_src_square":null,"author_info":{"display_name":"Josefine","author_link":"https:\/\/iminbokhylla.se\/?author=1"},"_links":{"self":[{"href":"https:\/\/iminbokhylla.se\/index.php?rest_route=\/wp\/v2\/posts\/2413"}],"collection":[{"href":"https:\/\/iminbokhylla.se\/index.php?rest_route=\/wp\/v2\/posts"}],"about":[{"href":"https:\/\/iminbokhylla.se\/index.php?rest_route=\/wp\/v2\/types\/post"}],"author":[{"embeddable":true,"href":"https:\/\/iminbokhylla.se\/index.php?rest_route=\/wp\/v2\/users\/1"}],"replies":[{"embeddable":true,"href":"https:\/\/iminbokhylla.se\/index.php?rest_route=%2Fwp%2Fv2%2Fcomments&post=2413"}],"version-history":[{"count":0,"href":"https:\/\/iminbokhylla.se\/index.php?rest_route=\/wp\/v2\/posts\/2413\/revisions"}],"wp:attachment":[{"href":"https:\/\/iminbokhylla.se\/index.php?rest_route=%2Fwp%2Fv2%2Fmedia&parent=2413"}],"wp:term":[{"taxonomy":"category","embeddable":true,"href":"https:\/\/iminbokhylla.se\/index.php?rest_route=%2Fwp%2Fv2%2Fcategories&post=2413"},{"taxonomy":"post_tag","embeddable":true,"href":"https:\/\/iminbokhylla.se\/index.php?rest_route=%2Fwp%2Fv2%2Ftags&post=2413"}],"curies":[{"name":"wp","href":"https:\/\/api.w.org\/{rel}","templated":true}]}}