{"id":2341,"date":"2012-03-29T14:55:22","date_gmt":"2012-03-29T12:55:22","guid":{"rendered":"https:\/\/iminbokhylla.se\/?p=2341"},"modified":"2012-03-28T23:39:43","modified_gmt":"2012-03-28T21:39:43","slug":"2341","status":"publish","type":"post","link":"https:\/\/iminbokhylla.se\/?p=2341","title":{"rendered":"Releasemingel f\u00f6r L\u00f6vestam"},"content":{"rendered":"<p>Piratf\u00f6rlaget har haft releasemingel f\u00f6r <a href=\"http:\/\/saralovestam.se\">Sara L\u00f6vestams<\/a> nya bok &#8221;Tillbaka till henne&#8221;. Det var varmt och tr\u00e5ngt, intressant och kul. <\/p>\n<p>Minglet h\u00f6lls p\u00e5 HBTQ-bokhandeln <a href=\"http:\/\/hallongrottan.com\">Hallongrottan<\/a> och Sara b\u00e5de l\u00e4ste ut boken och blev intervjuad. Tack f\u00f6r inbjudan, <a href=\"http:\/\/piratforlaget.se\">Pirat<\/a>!<\/p>\n<p>Jag hat inte l\u00e4st boken \u00e4n, men den f\u00e5r f\u00f6lja med mig p\u00e5 semester n\u00e4sta vecka. \u00c4r v\u00e4ldigt peppad, som ni kanske kommer ih\u00e5g har jag <a href=\"https:\/\/iminbokhylla.se\/?p=841\">verkligen gillat hennes tidigare b\u00f6ckeR<\/a>. <\/p>\n<p><a href=\"http:\/\/www.flickr.com\/photos\/granding\/6878776070\/\" title=\"Releasemingel f\u00f6r Sara L\u00f6vestams &quot;Tillbaka till henne&quot; by Granding, on Flickr\"><img loading=\"lazy\" src=\"http:\/\/farm8.staticflickr.com\/7070\/6878776070_c4a668d9ff.jpg\" width=\"375\" height=\"500\" alt=\"Releasemingel f\u00f6r Sara L\u00f6vestams &quot;Tillbaka till henne&quot;\"><\/a><br \/>\nFoto: Josefine Lind\u00e9n<\/p>\n<p><a href=\"http:\/\/www.flickr.com\/photos\/granding\/7024875971\/\" title=\"Releasemingel f\u00f6r Sara L\u00f6vestams &quot;Tillbaka till henne&quot; by Granding, on Flickr\"><img loading=\"lazy\" src=\"http:\/\/farm7.staticflickr.com\/6045\/7024875971_c4af31b141_n.jpg\" width=\"320\" height=\"240\" alt=\"Releasemingel f\u00f6r Sara L\u00f6vestams &quot;Tillbaka till henne&quot;\"><\/a><br \/>\nFoto: Josefine Lind\u00e9n<\/p>\n<p><a href=\"http:\/\/www.flickr.com\/photos\/granding\/6878775386\/\" title=\"Releasemingel f\u00f6r Sara L\u00f6vestams &quot;Tillbaka till henne&quot; by Granding, on Flickr\"><img loading=\"lazy\" src=\"http:\/\/farm7.staticflickr.com\/6217\/6878775386_844ab01484_n.jpg\" width=\"320\" height=\"239\" alt=\"Releasemingel f\u00f6r Sara L\u00f6vestams &quot;Tillbaka till henne&quot;\"><\/a><\/p>\n","protected":false},"excerpt":{"rendered":"<p>Piratf\u00f6rlaget har haft releasemingel f\u00f6r Sara L\u00f6vestams nya bok &#8221;Tillbaka till henne&#8221;. Det var varmt och tr\u00e5ngt, intressant och kul. Minglet h\u00f6lls p\u00e5 HBTQ-bokhandeln Hallongrottan och Sara b\u00e5de l\u00e4ste ut boken och blev intervjuad. Tack f\u00f6r inbjudan, Pirat! Jag hat inte l\u00e4st boken \u00e4n, men den f\u00e5r f\u00f6lja med mig p\u00e5 semester n\u00e4sta vecka. \u00c4r &hellip; <a href=\"https:\/\/iminbokhylla.se\/?p=2341\" class=\"more-link\">Forts\u00e4tt l\u00e4sa<span class=\"screen-reader-text\"> \u201dReleasemingel f\u00f6r L\u00f6vestam\u201d<\/span><\/a><\/p>\n","protected":false},"author":1,"featured_media":0,"comment_status":"open","ping_status":"open","sticky":false,"template":"","format":"standard","meta":[],"categories":[4],"tags":[9],"featured_image_src":null,"featured_image_src_square":null,"author_info":{"display_name":"Josefine","author_link":"https:\/\/iminbokhylla.se\/?author=1"},"_links":{"self":[{"href":"https:\/\/iminbokhylla.se\/index.php?rest_route=\/wp\/v2\/posts\/2341"}],"collection":[{"href":"https:\/\/iminbokhylla.se\/index.php?rest_route=\/wp\/v2\/posts"}],"about":[{"href":"https:\/\/iminbokhylla.se\/index.php?rest_route=\/wp\/v2\/types\/post"}],"author":[{"embeddable":true,"href":"https:\/\/iminbokhylla.se\/index.php?rest_route=\/wp\/v2\/users\/1"}],"replies":[{"embeddable":true,"href":"https:\/\/iminbokhylla.se\/index.php?rest_route=%2Fwp%2Fv2%2Fcomments&post=2341"}],"version-history":[{"count":0,"href":"https:\/\/iminbokhylla.se\/index.php?rest_route=\/wp\/v2\/posts\/2341\/revisions"}],"wp:attachment":[{"href":"https:\/\/iminbokhylla.se\/index.php?rest_route=%2Fwp%2Fv2%2Fmedia&parent=2341"}],"wp:term":[{"taxonomy":"category","embeddable":true,"href":"https:\/\/iminbokhylla.se\/index.php?rest_route=%2Fwp%2Fv2%2Fcategories&post=2341"},{"taxonomy":"post_tag","embeddable":true,"href":"https:\/\/iminbokhylla.se\/index.php?rest_route=%2Fwp%2Fv2%2Ftags&post=2341"}],"curies":[{"name":"wp","href":"https:\/\/api.w.org\/{rel}","templated":true}]}}