{"id":2326,"date":"2012-03-27T12:35:34","date_gmt":"2012-03-27T10:35:34","guid":{"rendered":"https:\/\/iminbokhylla.se\/?p=2326"},"modified":"2012-03-27T12:36:09","modified_gmt":"2012-03-27T10:36:09","slug":"i-min-bokhylla-i-vi-laser","status":"publish","type":"post","link":"https:\/\/iminbokhylla.se\/?p=2326","title":{"rendered":"I min bokhylla i Vi L\u00e4ser"},"content":{"rendered":"<p>I min bokhylla har varit med i Vi l\u00e4ser! (Tillsammans med massa andra jag k\u00e4nner, ser jag p\u00e5 listan, men \u00e4nd\u00e5). <\/p>\n<p><a href=\"http:\/\/www.flickr.com\/photos\/granding\/7020484677\/\" title=\"I min bokhylla i Vi L\u00e4ser by Granding, on Flickr\"><img loading=\"lazy\" src=\"http:\/\/farm8.staticflickr.com\/7131\/7020484677_846664f151.jpg\" width=\"472\" height=\"500\" alt=\"I min bokhylla i Vi L\u00e4ser\"><\/a><\/p>\n","protected":false},"excerpt":{"rendered":"<p>I min bokhylla har varit med i Vi l\u00e4ser! (Tillsammans med massa andra jag k\u00e4nner, ser jag p\u00e5 listan, men \u00e4nd\u00e5).<\/p>\n","protected":false},"author":1,"featured_media":0,"comment_status":"open","ping_status":"open","sticky":false,"template":"","format":"standard","meta":[],"categories":[4],"tags":[9],"featured_image_src":null,"featured_image_src_square":null,"author_info":{"display_name":"Josefine","author_link":"https:\/\/iminbokhylla.se\/?author=1"},"_links":{"self":[{"href":"https:\/\/iminbokhylla.se\/index.php?rest_route=\/wp\/v2\/posts\/2326"}],"collection":[{"href":"https:\/\/iminbokhylla.se\/index.php?rest_route=\/wp\/v2\/posts"}],"about":[{"href":"https:\/\/iminbokhylla.se\/index.php?rest_route=\/wp\/v2\/types\/post"}],"author":[{"embeddable":true,"href":"https:\/\/iminbokhylla.se\/index.php?rest_route=\/wp\/v2\/users\/1"}],"replies":[{"embeddable":true,"href":"https:\/\/iminbokhylla.se\/index.php?rest_route=%2Fwp%2Fv2%2Fcomments&post=2326"}],"version-history":[{"count":0,"href":"https:\/\/iminbokhylla.se\/index.php?rest_route=\/wp\/v2\/posts\/2326\/revisions"}],"wp:attachment":[{"href":"https:\/\/iminbokhylla.se\/index.php?rest_route=%2Fwp%2Fv2%2Fmedia&parent=2326"}],"wp:term":[{"taxonomy":"category","embeddable":true,"href":"https:\/\/iminbokhylla.se\/index.php?rest_route=%2Fwp%2Fv2%2Fcategories&post=2326"},{"taxonomy":"post_tag","embeddable":true,"href":"https:\/\/iminbokhylla.se\/index.php?rest_route=%2Fwp%2Fv2%2Ftags&post=2326"}],"curies":[{"name":"wp","href":"https:\/\/api.w.org\/{rel}","templated":true}]}}