{"id":2265,"date":"2012-03-17T08:57:36","date_gmt":"2012-03-17T06:57:36","guid":{"rendered":"https:\/\/iminbokhylla.se\/?p=2265"},"modified":"2012-03-20T11:16:12","modified_gmt":"2012-03-20T09:16:12","slug":"en-efterlangtad-sysselsattning","status":"publish","type":"post","link":"https:\/\/iminbokhylla.se\/?p=2265","title":{"rendered":"En efterl\u00e4ngtad syssels\u00e4ttning"},"content":{"rendered":"<p>Vaknade sju idag, vilket \u00e4r lite on\u00f6digt. Jag beh\u00f6ver sova. Men \u00e5 andra sidan kan man ta med sig t\u00e4cke och kudde till soffan och \u00e4gna sig \u00e5t det h\u00e4r d\u00e5. <\/p>\n<p><a href=\"http:\/\/www.flickr.com\/photos\/granding\/6989147487\/\" title=\"L\u00f6rdagmorgon by Granding, on Flickr\"><img loading=\"lazy\" src=\"http:\/\/farm8.staticflickr.com\/7064\/6989147487_00b58d71d6.jpg\" width=\"500\" height=\"500\" alt=\"L\u00f6rdagmorgon\"><\/a><\/p>\n","protected":false},"excerpt":{"rendered":"<p>Vaknade sju idag, vilket \u00e4r lite on\u00f6digt. Jag beh\u00f6ver sova. Men \u00e5 andra sidan kan man ta med sig t\u00e4cke och kudde till soffan och \u00e4gna sig \u00e5t det h\u00e4r d\u00e5.<\/p>\n","protected":false},"author":1,"featured_media":0,"comment_status":"open","ping_status":"open","sticky":false,"template":"","format":"standard","meta":[],"categories":[4],"tags":[9],"featured_image_src":null,"featured_image_src_square":null,"author_info":{"display_name":"Josefine","author_link":"https:\/\/iminbokhylla.se\/?author=1"},"_links":{"self":[{"href":"https:\/\/iminbokhylla.se\/index.php?rest_route=\/wp\/v2\/posts\/2265"}],"collection":[{"href":"https:\/\/iminbokhylla.se\/index.php?rest_route=\/wp\/v2\/posts"}],"about":[{"href":"https:\/\/iminbokhylla.se\/index.php?rest_route=\/wp\/v2\/types\/post"}],"author":[{"embeddable":true,"href":"https:\/\/iminbokhylla.se\/index.php?rest_route=\/wp\/v2\/users\/1"}],"replies":[{"embeddable":true,"href":"https:\/\/iminbokhylla.se\/index.php?rest_route=%2Fwp%2Fv2%2Fcomments&post=2265"}],"version-history":[{"count":0,"href":"https:\/\/iminbokhylla.se\/index.php?rest_route=\/wp\/v2\/posts\/2265\/revisions"}],"wp:attachment":[{"href":"https:\/\/iminbokhylla.se\/index.php?rest_route=%2Fwp%2Fv2%2Fmedia&parent=2265"}],"wp:term":[{"taxonomy":"category","embeddable":true,"href":"https:\/\/iminbokhylla.se\/index.php?rest_route=%2Fwp%2Fv2%2Fcategories&post=2265"},{"taxonomy":"post_tag","embeddable":true,"href":"https:\/\/iminbokhylla.se\/index.php?rest_route=%2Fwp%2Fv2%2Ftags&post=2265"}],"curies":[{"name":"wp","href":"https:\/\/api.w.org\/{rel}","templated":true}]}}