{"id":2230,"date":"2012-02-26T20:56:15","date_gmt":"2012-02-26T18:56:15","guid":{"rendered":"https:\/\/iminbokhylla.se\/?p=2230"},"modified":"2012-02-26T20:56:16","modified_gmt":"2012-02-26T18:56:16","slug":"bokpanik-i-barcelona","status":"publish","type":"post","link":"https:\/\/iminbokhylla.se\/?p=2230","title":{"rendered":"Bokpanik i Barcelona?"},"content":{"rendered":"<p>Tidigt i morgon bitti \u00e5ker jag och en kollega till Barcelona p\u00e5 tj\u00e4nsteresa. Pga d\u00e5lig framf\u00f6rh\u00e5llning blir det ganska l\u00e5nga flygresor och sen vet man ju aldrig vad som h\u00e4nder, s\u00e5 bokpackningen \u00e4r viktig. Som vanligt t\u00e4nker jag tvinga mig till Ipadl\u00e4sning. Tar med en pocket bara, och sen litar jag p\u00e5 de b\u00f6cker jag har i paddan. <\/p>\n<p><a href=\"http:\/\/www.flickr.com\/photos\/granding\/5223136955\/\" title=\"Book Book for Ipad by Granding, on Flickr\"><img loading=\"lazy\" src=\"http:\/\/farm5.staticflickr.com\/4111\/5223136955_81d97dc0e1.jpg\" width=\"500\" height=\"374\" alt=\"Book Book for Ipad\"><\/a><\/p>\n","protected":false},"excerpt":{"rendered":"<p>Tidigt i morgon bitti \u00e5ker jag och en kollega till Barcelona p\u00e5 tj\u00e4nsteresa. Pga d\u00e5lig framf\u00f6rh\u00e5llning blir det ganska l\u00e5nga flygresor och sen vet man ju aldrig vad som h\u00e4nder, s\u00e5 bokpackningen \u00e4r viktig. Som vanligt t\u00e4nker jag tvinga mig till Ipadl\u00e4sning. Tar med en pocket bara, och sen litar jag p\u00e5 de b\u00f6cker jag &hellip; <a href=\"https:\/\/iminbokhylla.se\/?p=2230\" class=\"more-link\">Forts\u00e4tt l\u00e4sa<span class=\"screen-reader-text\"> \u201dBokpanik i Barcelona?\u201d<\/span><\/a><\/p>\n","protected":false},"author":1,"featured_media":0,"comment_status":"open","ping_status":"open","sticky":false,"template":"","format":"standard","meta":[],"categories":[4],"tags":[9],"featured_image_src":null,"featured_image_src_square":null,"author_info":{"display_name":"Josefine","author_link":"https:\/\/iminbokhylla.se\/?author=1"},"_links":{"self":[{"href":"https:\/\/iminbokhylla.se\/index.php?rest_route=\/wp\/v2\/posts\/2230"}],"collection":[{"href":"https:\/\/iminbokhylla.se\/index.php?rest_route=\/wp\/v2\/posts"}],"about":[{"href":"https:\/\/iminbokhylla.se\/index.php?rest_route=\/wp\/v2\/types\/post"}],"author":[{"embeddable":true,"href":"https:\/\/iminbokhylla.se\/index.php?rest_route=\/wp\/v2\/users\/1"}],"replies":[{"embeddable":true,"href":"https:\/\/iminbokhylla.se\/index.php?rest_route=%2Fwp%2Fv2%2Fcomments&post=2230"}],"version-history":[{"count":0,"href":"https:\/\/iminbokhylla.se\/index.php?rest_route=\/wp\/v2\/posts\/2230\/revisions"}],"wp:attachment":[{"href":"https:\/\/iminbokhylla.se\/index.php?rest_route=%2Fwp%2Fv2%2Fmedia&parent=2230"}],"wp:term":[{"taxonomy":"category","embeddable":true,"href":"https:\/\/iminbokhylla.se\/index.php?rest_route=%2Fwp%2Fv2%2Fcategories&post=2230"},{"taxonomy":"post_tag","embeddable":true,"href":"https:\/\/iminbokhylla.se\/index.php?rest_route=%2Fwp%2Fv2%2Ftags&post=2230"}],"curies":[{"name":"wp","href":"https:\/\/api.w.org\/{rel}","templated":true}]}}