{"id":2207,"date":"2012-02-13T10:13:35","date_gmt":"2012-02-13T08:13:35","guid":{"rendered":"https:\/\/iminbokhylla.se\/?p=2207"},"modified":"2012-02-12T22:16:41","modified_gmt":"2012-02-12T20:16:41","slug":"24-boknordar-pa-en-kursgard","status":"publish","type":"post","link":"https:\/\/iminbokhylla.se\/?p=2207","title":{"rendered":"24 bokn\u00f6rdar p\u00e5 en kursg\u00e5rd"},"content":{"rendered":"<p>Andra helgen i rad med &#8221;bokkonferens&#8221;! F\u00f6rra veckan var det I<a href=\"https:\/\/iminbokhylla.se\/?p=2183\">nspirationsdagar f\u00f6r Bokm\u00e4ssans bloggambassad\u00f6rer 2012<\/a>, den h\u00e4r <a href=\"http:\/\/www.bokresan.nu\/\">Bokresan.nu<\/a>. <\/p>\n<p><a href=\"http:\/\/www.flickr.com\/photos\/granding\/6856509361\/\" title=\"Bokresan p\u00e5 Syninge kursg\u00e5rd by Granding, on Flickr\"><img loading=\"lazy\" src=\"http:\/\/farm8.staticflickr.com\/7043\/6856509361_a25857ab3e.jpg\" width=\"374\" height=\"500\" alt=\"Bokresan p\u00e5 Syninge kursg\u00e5rd\"><\/a><\/p>\n<p>Precis som f\u00f6rra helgen var det mycket roligare \u00e4n jag f\u00f6rv\u00e4ntat mig. Den h\u00e4r g\u00e5ngen hade jag dock s\u00e4llskap av Lotta-n\u00f6rdarna Marianne och Margaretha och var redan bekant med en av initiativtagarna, men ins\u00e5g snabbt att alla andra deltagare var intressanta och trevliga de ocks\u00e5. <\/p>\n<p>Vi har bokcirklat om Felicia f\u00f6rsvann, suttit i grupp och tipsat om l\u00e4sv\u00e4rda b\u00f6cker, h\u00e4ngt i soffor tillsammans samtidigt som alla l\u00e4ste egen bok, haft litteraturquizz med mera. Och f\u00e5tt en extremt v\u00e4lfylld goodie bag!<\/p>\n<p>N\u00e5got negativt? Jag \u00e4r v\u00e4ldigt noga med mitt boende och tyckte att fyrstj\u00e4rniga Gothia Towers var sunkigt. Syninge kursg\u00e5rd hamnar r\u00e4tt mycket l\u00e4ngre ned p\u00e5 den skalan. I \u00f6vrigt har jag haft en toppenhelg!<\/p>\n<p>Nyfiken p\u00e5 mer? <a href=\"http:\/\/www.flickr.com\/photos\/granding\/sets\/72157629290328555\/\">Mina bilder fr\u00e5n helgen hittar du h\u00e4r<\/a>. <\/p>\n","protected":false},"excerpt":{"rendered":"<p>Andra helgen i rad med &#8221;bokkonferens&#8221;! F\u00f6rra veckan var det Inspirationsdagar f\u00f6r Bokm\u00e4ssans bloggambassad\u00f6rer 2012, den h\u00e4r Bokresan.nu. Precis som f\u00f6rra helgen var det mycket roligare \u00e4n jag f\u00f6rv\u00e4ntat mig. Den h\u00e4r g\u00e5ngen hade jag dock s\u00e4llskap av Lotta-n\u00f6rdarna Marianne och Margaretha och var redan bekant med en av initiativtagarna, men ins\u00e5g snabbt att alla &hellip; <a href=\"https:\/\/iminbokhylla.se\/?p=2207\" class=\"more-link\">Forts\u00e4tt l\u00e4sa<span class=\"screen-reader-text\"> \u201d24 bokn\u00f6rdar p\u00e5 en kursg\u00e5rd\u201d<\/span><\/a><\/p>\n","protected":false},"author":1,"featured_media":0,"comment_status":"open","ping_status":"open","sticky":false,"template":"","format":"standard","meta":[],"categories":[4],"tags":[9],"featured_image_src":null,"featured_image_src_square":null,"author_info":{"display_name":"Josefine","author_link":"https:\/\/iminbokhylla.se\/?author=1"},"_links":{"self":[{"href":"https:\/\/iminbokhylla.se\/index.php?rest_route=\/wp\/v2\/posts\/2207"}],"collection":[{"href":"https:\/\/iminbokhylla.se\/index.php?rest_route=\/wp\/v2\/posts"}],"about":[{"href":"https:\/\/iminbokhylla.se\/index.php?rest_route=\/wp\/v2\/types\/post"}],"author":[{"embeddable":true,"href":"https:\/\/iminbokhylla.se\/index.php?rest_route=\/wp\/v2\/users\/1"}],"replies":[{"embeddable":true,"href":"https:\/\/iminbokhylla.se\/index.php?rest_route=%2Fwp%2Fv2%2Fcomments&post=2207"}],"version-history":[{"count":0,"href":"https:\/\/iminbokhylla.se\/index.php?rest_route=\/wp\/v2\/posts\/2207\/revisions"}],"wp:attachment":[{"href":"https:\/\/iminbokhylla.se\/index.php?rest_route=%2Fwp%2Fv2%2Fmedia&parent=2207"}],"wp:term":[{"taxonomy":"category","embeddable":true,"href":"https:\/\/iminbokhylla.se\/index.php?rest_route=%2Fwp%2Fv2%2Fcategories&post=2207"},{"taxonomy":"post_tag","embeddable":true,"href":"https:\/\/iminbokhylla.se\/index.php?rest_route=%2Fwp%2Fv2%2Ftags&post=2207"}],"curies":[{"name":"wp","href":"https:\/\/api.w.org\/{rel}","templated":true}]}}