{"id":217,"date":"2010-11-22T18:24:23","date_gmt":"2010-11-22T16:24:23","guid":{"rendered":"https:\/\/iminbokhylla.se\/?p=217"},"modified":"2011-07-27T16:34:29","modified_gmt":"2011-07-27T14:34:29","slug":"den-jag-ville-ha-battre-an-forvantat","status":"publish","type":"post","link":"https:\/\/iminbokhylla.se\/?p=217","title":{"rendered":"Den jag ville ha: B\u00e4ttre \u00e4n f\u00f6rv\u00e4ntat"},"content":{"rendered":"<p><strong>Bok:<\/strong> Den jag ville ha<br \/>\n<strong>F\u00f6rfattare<\/strong>: Shiela O&#8217;Flanagan<br \/>\n<strong>F\u00f6rlag<\/strong>: Pocketf\u00f6rlaget<br \/>\n<strong>Officiell sajt<\/strong>: <a href=\"http:\/\/www.sheilaoflanagan.net\/\">Sheilaoflanagan.net<\/a><\/p>\n<p>Jag har l\u00e4st n\u00e5gra av Shiela O&#8217;Flanagans b\u00f6cker tidigare, men aldrig haft dem som favoriter p\u00e5 n\u00e5got s\u00e4tt. S\u00e5 h\u00e4r p\u00e5 rak arm kommer jag inte ens ih\u00e5g vad b\u00f6ckerna hette eller handlade om. Om ett tag kommer jag inte komma ih\u00e5g vad Den jag vill ha heter eller handlar om heller, men tycker \u00e4nd\u00e5 att det \u00e4r den b\u00e4sta av de Shiela O&#8217;Flanaganb\u00f6ckerna jag har l\u00e4st.<\/p>\n<p>Darcey \u00e4r den os\u00e4kra blyga tjejen som st\u00e5r i skuggan av sin v\u00e4n Nieve. Lyckan blir d\u00e4rf\u00f6r total n\u00e4r Darcey tr\u00e4ffar Aidan och blir tokf\u00f6r\u00e4lskad. Och sm\u00e4rtan blir f\u00f6rst\u00e5s \u00e4nnu v\u00e4rre n\u00e4r killen och Nieve faller f\u00f6r varandra. Darcey blir helt kn\u00e4ckt och l\u00e5ter hela livet p\u00e5verkas. Tio \u00e5r senare har hon gift och skilt sig, har \u00e4lskare i fyra st\u00e4der och ses som en isdrottning p\u00e5 jobbet. D\u00e5 dimper en br\u00f6llopsinbjudan ned i brevl\u00e5dan. Nieve och Aidan ska gifta sig och har bjudit Darcey p\u00e5 br\u00f6llopet &#8230;<\/p>\n<p>Inbjudan blir startskottet f\u00f6r Darceys f\u00f6r\u00e4ndring. Hon funderar \u00f6ver b\u00e5de Aidans och Nieves svek, hennes korta \u00e4ktenskap, hur det tog slut med maken pga hennes orimliga svartsjuka och mist\u00e4nksamhet, sin karri\u00e4r. <\/p>\n<p>Boken l\u00e5ter oss \u00e4ven f\u00f6lja Nieve och hennes liv. Hon och Aidan har flyttat till Kalifornien och Nieves liv kretsar kring tj\u00e4na pengar.<\/p>\n<p>Nieves story \u00e4r ett m\u00e5ste f\u00f6r att f\u00e5 boken att g\u00e5 ihop, men det blir \u00e4nd\u00e5 lite konstigt eftersom Darceys historia tar upp s\u00e5 mycket mer plats \u00e4n Nieves. Nieve framst\u00e5r ocks\u00e5 som en otrevlig, kall person, medan man f\u00e5r (en del) sympatier f\u00f6r Darcey. <\/p>\n<p><strong>Betyg:<\/strong><br \/>\nJag skulle g\u00e4rna sett att f\u00f6rfattaren hade skruit bort n\u00e5gra av sidober\u00e4ttelserna, som inte tillf\u00f6rde storyn mycket, och ist\u00e4llet fokuserat p\u00e5 huvuddragen. Men en bra, avkopplande bok. <\/p>\n<p><img loading=\"lazy\" src=\"https:\/\/iminbokhylla.se\/betyg_3.png\" width=\"472\" height=\"99\" alt=\"betyg\" \/><\/p>\n","protected":false},"excerpt":{"rendered":"<p>Bok: Den jag ville ha F\u00f6rfattare: Shiela O&#8217;Flanagan F\u00f6rlag: Pocketf\u00f6rlaget Officiell sajt: Sheilaoflanagan.net Jag har l\u00e4st n\u00e5gra av Shiela O&#8217;Flanagans b\u00f6cker tidigare, men aldrig haft dem som favoriter p\u00e5 n\u00e5got s\u00e4tt. S\u00e5 h\u00e4r p\u00e5 rak arm kommer jag inte ens ih\u00e5g vad b\u00f6ckerna hette eller handlade om. Om ett tag kommer jag inte komma ih\u00e5g &hellip; <a href=\"https:\/\/iminbokhylla.se\/?p=217\" class=\"more-link\">Forts\u00e4tt l\u00e4sa<span class=\"screen-reader-text\"> \u201dDen jag ville ha: B\u00e4ttre \u00e4n f\u00f6rv\u00e4ntat\u201d<\/span><\/a><\/p>\n","protected":false},"author":1,"featured_media":0,"comment_status":"open","ping_status":"open","sticky":false,"template":"","format":"standard","meta":[],"categories":[3],"tags":[9],"featured_image_src":null,"featured_image_src_square":null,"author_info":{"display_name":"Josefine","author_link":"https:\/\/iminbokhylla.se\/?author=1"},"_links":{"self":[{"href":"https:\/\/iminbokhylla.se\/index.php?rest_route=\/wp\/v2\/posts\/217"}],"collection":[{"href":"https:\/\/iminbokhylla.se\/index.php?rest_route=\/wp\/v2\/posts"}],"about":[{"href":"https:\/\/iminbokhylla.se\/index.php?rest_route=\/wp\/v2\/types\/post"}],"author":[{"embeddable":true,"href":"https:\/\/iminbokhylla.se\/index.php?rest_route=\/wp\/v2\/users\/1"}],"replies":[{"embeddable":true,"href":"https:\/\/iminbokhylla.se\/index.php?rest_route=%2Fwp%2Fv2%2Fcomments&post=217"}],"version-history":[{"count":0,"href":"https:\/\/iminbokhylla.se\/index.php?rest_route=\/wp\/v2\/posts\/217\/revisions"}],"wp:attachment":[{"href":"https:\/\/iminbokhylla.se\/index.php?rest_route=%2Fwp%2Fv2%2Fmedia&parent=217"}],"wp:term":[{"taxonomy":"category","embeddable":true,"href":"https:\/\/iminbokhylla.se\/index.php?rest_route=%2Fwp%2Fv2%2Fcategories&post=217"},{"taxonomy":"post_tag","embeddable":true,"href":"https:\/\/iminbokhylla.se\/index.php?rest_route=%2Fwp%2Fv2%2Ftags&post=217"}],"curies":[{"name":"wp","href":"https:\/\/api.w.org\/{rel}","templated":true}]}}