{"id":2070,"date":"2012-01-14T11:41:59","date_gmt":"2012-01-14T09:41:59","guid":{"rendered":"https:\/\/iminbokhylla.se\/?p=2070"},"modified":"2012-01-25T11:52:11","modified_gmt":"2012-01-25T09:52:11","slug":"piratforalget-presenterar-varen-2012","status":"publish","type":"post","link":"https:\/\/iminbokhylla.se\/?p=2070","title":{"rendered":"Fem nya b\u00f6cker p\u00e5 Piratf\u00f6rlaget i v\u00e5r"},"content":{"rendered":"<p>I april f\u00f6rra \u00e5ret var jag p\u00e5 Piratf\u00f6rlagets presstr\u00e4ff f\u00f6r h\u00f6sten 2011. Ig\u00e5r var det dags f\u00f6r presstr\u00e4ff f\u00f6r v\u00e5ren 2012, och sj\u00e4lvklart var jag d\u00e4r. (Eller, ok, inte sj\u00e4lvklart. Dagen b\u00f6rjade med illam\u00e5ende och ett tag trodde jag att vinterkr\u00e4ksjukan slagit till. Men det verkar bara ha varit en extrem tr\u00f6tthet efter en sjukt stressig arbetsvecka). <\/p>\n<p><a href=\"https:\/\/iminbokhylla.se\/2011\/04\/07\/vin-chips-och-forfattare\/\">Chipsen och vinet<\/a> var utbytta mot (en f\u00f6rv\u00e5nansv\u00e4rd god) lunch. V\u00e5ren och f\u00f6rsommaren 2012 p\u00e5 Piratf\u00f6rlaget best\u00e5r av fem b\u00f6cker. <\/p>\n<p>Geng\u00e5ngare, som \u00e4r en Harry Hole-bok av Jo Nesb\u00f6 (jag har skrivit om Nesb\u00f6 <a href=\"https:\/\/iminbokhylla.se\/2011\/08\/01\/huvudjagarna-nesbos-basta\/\">h\u00e4r<\/a> och <a href=\"https:\/\/iminbokhylla.se\/2010\/10\/05\/en-nesb%C3%B8sommar\/\">h\u00e4r<\/a>) kommer redan den 25 januari. Ann-Marie Skarp, vd f\u00f6r Piratf\u00f6rlaget lovar en m\u00f6rk, svart och h\u00e5rd bok. <\/p>\n<p>Den 14 mars sl\u00e4pps I skydd av skuggorna av Helene Tursten. Det \u00e4r en Irene Huss-story som f\u00f6rfattaren sj\u00e4lv presenterar under tr\u00e4ffen. Tyv\u00e4rr \u00e4r jag ingen Turstenfan s\u00e5 ska \u00e4rligt erk\u00e4nna att jag slutade lyssna lite h\u00e4r. <\/p>\n<p>Sara L\u00f6vestam, <a href=\"https:\/\/iminbokhylla.se\/2011\/05\/31\/i-havet-finns-sa-manga-stora-fiskar-laskig-fin-kanslig-och-tuff\/\">en av mina favoriter<\/a>, sl\u00e4pper en ny bok den 28 mars. Den h\u00e4r g\u00e5ngen handlar det om Hanna, som lever i nutid, och Signe som vi tr\u00e4ffar 1906. Hanna \u00e4r bitter och lever med en mindre rolig pojkv\u00e4n och har ett urtrist jobb. Signe blir k\u00e4r i en kvinna, k\u00e4mpar f\u00f6r r\u00f6str\u00e4tten och sl\u00e5ss mot alla konventioner. <\/p>\n<p>\u00c4ven Kristina Ohlsson \u00e4r tillbaka med en ny bok. Det \u00e4r nummer fyra (del 2 och 3 skriver jag om <a href=\"https:\/\/iminbokhylla.se\/2011\/01\/04\/tusenskonor-inget-man-kommer-ihag\/\">h\u00e4r<\/a> och <a href=\"https:\/\/iminbokhylla.se\/2011\/06\/11\/anglavakter-jag-kan-fortfarande-inte-komma-ihag-karaktarerna\/\">h\u00e4r<\/a>) och den kommer den 18 april. I Paradisoffer har karakt\u00e4ren Fredrika ett nytt jobb, men n\u00e4r terrorn sl\u00e5r till i Sverige f\u00e5r hon \u00e4nd\u00e5 arbeta ihop med sin gamla kollega Alex. <\/p>\n<p>Piratf\u00f6rlagets femte bok den h\u00e4r s\u00e4songen kommer ut &#8221;under f\u00f6rsommaren&#8221; och \u00e4r skriven av duon Roslund &#038; Hellstr\u00f6m. F\u00f6rfattarna hade spelat in en video (av ohyggligt d\u00e5lig kvalitet vilket gjorde det v\u00e4ldigt kul) fr\u00e5n New York d\u00e4r de befinner sig f\u00f6r att lansera en av sina gamla b\u00f6cker p\u00e5 den amerikanska marknaden. De var dock v\u00e4ldigt hemlighetsfulla om den nya boken. <\/p>\n<p>P\u00e5 tr\u00e4ffen fick vi \u00e4ven h\u00f6ra hur glada b\u00e5de Piratf\u00f6rlaget och Maj Sj\u00f6wall \u00e4r f\u00f6r att de klassiska Sj\u00f6wall\/Wahl\u00f6\u00f6 numera ligger p\u00e5 det h\u00e4r f\u00f6rlaget och under h\u00f6sten kommer de alla ut i en ny omg\u00e5ng. Och till slut var det dags f\u00f6r <a href=\"http:\/\/lillapiratforlaget.se\/\">Lilla Piratf\u00f6rlaget<\/a> att prata. Barn- och ungdomslitteratur \u00e4r inte min grej, men hj\u00e4lp vad VDn d\u00e4r brinner f\u00f6r sitt jobb och sin bransch. Kul att se!<\/p>\n","protected":false},"excerpt":{"rendered":"<p>I april f\u00f6rra \u00e5ret var jag p\u00e5 Piratf\u00f6rlagets presstr\u00e4ff f\u00f6r h\u00f6sten 2011. Ig\u00e5r var det dags f\u00f6r presstr\u00e4ff f\u00f6r v\u00e5ren 2012, och sj\u00e4lvklart var jag d\u00e4r. (Eller, ok, inte sj\u00e4lvklart. Dagen b\u00f6rjade med illam\u00e5ende och ett tag trodde jag att vinterkr\u00e4ksjukan slagit till. Men det verkar bara ha varit en extrem tr\u00f6tthet efter en sjukt &hellip; <a href=\"https:\/\/iminbokhylla.se\/?p=2070\" class=\"more-link\">Forts\u00e4tt l\u00e4sa<span class=\"screen-reader-text\"> \u201dFem nya b\u00f6cker p\u00e5 Piratf\u00f6rlaget i v\u00e5r\u201d<\/span><\/a><\/p>\n","protected":false},"author":1,"featured_media":0,"comment_status":"open","ping_status":"open","sticky":false,"template":"","format":"standard","meta":[],"categories":[4],"tags":[9],"featured_image_src":null,"featured_image_src_square":null,"author_info":{"display_name":"Josefine","author_link":"https:\/\/iminbokhylla.se\/?author=1"},"_links":{"self":[{"href":"https:\/\/iminbokhylla.se\/index.php?rest_route=\/wp\/v2\/posts\/2070"}],"collection":[{"href":"https:\/\/iminbokhylla.se\/index.php?rest_route=\/wp\/v2\/posts"}],"about":[{"href":"https:\/\/iminbokhylla.se\/index.php?rest_route=\/wp\/v2\/types\/post"}],"author":[{"embeddable":true,"href":"https:\/\/iminbokhylla.se\/index.php?rest_route=\/wp\/v2\/users\/1"}],"replies":[{"embeddable":true,"href":"https:\/\/iminbokhylla.se\/index.php?rest_route=%2Fwp%2Fv2%2Fcomments&post=2070"}],"version-history":[{"count":0,"href":"https:\/\/iminbokhylla.se\/index.php?rest_route=\/wp\/v2\/posts\/2070\/revisions"}],"wp:attachment":[{"href":"https:\/\/iminbokhylla.se\/index.php?rest_route=%2Fwp%2Fv2%2Fmedia&parent=2070"}],"wp:term":[{"taxonomy":"category","embeddable":true,"href":"https:\/\/iminbokhylla.se\/index.php?rest_route=%2Fwp%2Fv2%2Fcategories&post=2070"},{"taxonomy":"post_tag","embeddable":true,"href":"https:\/\/iminbokhylla.se\/index.php?rest_route=%2Fwp%2Fv2%2Ftags&post=2070"}],"curies":[{"name":"wp","href":"https:\/\/api.w.org\/{rel}","templated":true}]}}