{"id":2026,"date":"2012-01-03T09:21:07","date_gmt":"2012-01-03T07:21:07","guid":{"rendered":"https:\/\/iminbokhylla.se\/?p=2026"},"modified":"2012-01-25T11:52:42","modified_gmt":"2012-01-25T09:52:42","slug":"hjalp-mig-vad-ska-jag-lasa-pa-resan","status":"publish","type":"post","link":"https:\/\/iminbokhylla.se\/?p=2026","title":{"rendered":"Hj\u00e4lp mig! Vad ska jag l\u00e4sa p\u00e5 resan?"},"content":{"rendered":"<p>Det \u00e4r dags att resa igen! Den h\u00e4r g\u00e5ngen \u00e4r destinationen M\u00fcnchen och vi \u00e5ker onsdag kv\u00e4ll till s\u00f6ndag kv\u00e4ll. Och som vanligt brottas jag med bokpackningen.<\/p>\n<p>Valen jag st\u00e5r mellan just nu \u00e4r:<\/p>\n<ul>\n<li>Ska jag ta med en supertjock bok s\u00e5 att det r\u00e4cker med en? Det blir dock tungt i handv\u00e4skan som jag har som handbagage.<\/li>\n<li>Ska jag satsa p\u00e5 l\u00e4tta pocketb\u00f6cker, och ta med flera?<\/li>\n<li>Ska jag inte ta n\u00e5gon pappersbok alls, och p\u00e5 s\u00e5 s\u00e4tt tvinga mig att l\u00e4sa i Ipaden?<\/li>\n<li>Eller ska jag ta med ett g\u00e4ng tidskrifter? Jag har inte l\u00e4st ett enda nummer av <a href=\"https:\/\/iminbokhylla.se\/2011\/03\/24\/magasinens-aterkomst\/\">Filter sedan resan till Marrakech i mars<\/a>.<\/li>\n<\/ul>\n<p>Vad skulle ni g\u00f6ra?<\/p>\n","protected":false},"excerpt":{"rendered":"<p>Det \u00e4r dags att resa igen! Den h\u00e4r g\u00e5ngen \u00e4r destinationen M\u00fcnchen och vi \u00e5ker onsdag kv\u00e4ll till s\u00f6ndag kv\u00e4ll. Och som vanligt brottas jag med bokpackningen. Valen jag st\u00e5r mellan just nu \u00e4r: Ska jag ta med en supertjock bok s\u00e5 att det r\u00e4cker med en? Det blir dock tungt i handv\u00e4skan som jag &hellip; <a href=\"https:\/\/iminbokhylla.se\/?p=2026\" class=\"more-link\">Forts\u00e4tt l\u00e4sa<span class=\"screen-reader-text\"> \u201dHj\u00e4lp mig! Vad ska jag l\u00e4sa p\u00e5 resan?\u201d<\/span><\/a><\/p>\n","protected":false},"author":1,"featured_media":0,"comment_status":"open","ping_status":"open","sticky":false,"template":"","format":"standard","meta":[],"categories":[4],"tags":[9],"featured_image_src":null,"featured_image_src_square":null,"author_info":{"display_name":"Josefine","author_link":"https:\/\/iminbokhylla.se\/?author=1"},"_links":{"self":[{"href":"https:\/\/iminbokhylla.se\/index.php?rest_route=\/wp\/v2\/posts\/2026"}],"collection":[{"href":"https:\/\/iminbokhylla.se\/index.php?rest_route=\/wp\/v2\/posts"}],"about":[{"href":"https:\/\/iminbokhylla.se\/index.php?rest_route=\/wp\/v2\/types\/post"}],"author":[{"embeddable":true,"href":"https:\/\/iminbokhylla.se\/index.php?rest_route=\/wp\/v2\/users\/1"}],"replies":[{"embeddable":true,"href":"https:\/\/iminbokhylla.se\/index.php?rest_route=%2Fwp%2Fv2%2Fcomments&post=2026"}],"version-history":[{"count":0,"href":"https:\/\/iminbokhylla.se\/index.php?rest_route=\/wp\/v2\/posts\/2026\/revisions"}],"wp:attachment":[{"href":"https:\/\/iminbokhylla.se\/index.php?rest_route=%2Fwp%2Fv2%2Fmedia&parent=2026"}],"wp:term":[{"taxonomy":"category","embeddable":true,"href":"https:\/\/iminbokhylla.se\/index.php?rest_route=%2Fwp%2Fv2%2Fcategories&post=2026"},{"taxonomy":"post_tag","embeddable":true,"href":"https:\/\/iminbokhylla.se\/index.php?rest_route=%2Fwp%2Fv2%2Ftags&post=2026"}],"curies":[{"name":"wp","href":"https:\/\/api.w.org\/{rel}","templated":true}]}}