{"id":2018,"date":"2012-01-05T10:06:17","date_gmt":"2012-01-05T08:06:17","guid":{"rendered":"https:\/\/iminbokhylla.se\/?p=2018"},"modified":"2012-01-03T15:51:05","modified_gmt":"2012-01-03T13:51:05","slug":"rena-cirkusen-lotta-ett-bra-brak-for-relationen-framat","status":"publish","type":"post","link":"https:\/\/iminbokhylla.se\/?p=2018","title":{"rendered":"Rena cirkusen, Lotta: Ett bra br\u00e5k f\u00f6r relationen fram\u00e5t"},"content":{"rendered":"<p><strong>Bok<\/strong>: Rena cirkusen, Lotta!<br \/>\n<strong>F\u00f6rfattare<\/strong>: Ester Ringn\u00e9r-Lundgren<br \/>\n<strong>F\u00f6rlag<\/strong>: B. Wahlstr\u00f6ms f\u00f6rlag<\/p>\n<p><a title=\"35 by Granding, on Flickr\" href=\"http:\/\/www.flickr.com\/photos\/granding\/5389562551\/\"><img loading=\"lazy\" src=\"http:\/\/farm6.staticflickr.com\/5013\/5389562551_7c28087c57.jpg\" alt=\"35\" width=\"220\" height=\"345\" \/><\/a><\/p>\n<p>Lotta best\u00e4mmer sig pl\u00f6tsligt f\u00f6r att hon inte alls vill satsa p\u00e5 journalistiken utan ist\u00e4llet t\u00e4nker hon b\u00f6rja jobba p\u00e5 sjukhuset d\u00e4r hennes syster Malin jobbar. Paul blir arg, och \u00e4ven jag. Jag kan bli lite tr\u00f6tt p\u00e5 att f\u00f6rfattaren absolut m\u00e5ste ha in alla kvinnor i s\u00e5dana omh\u00e4ndertagande yrken. De ska bli l\u00e4kare, sjuksk\u00f6terskor och liknande. \u00c5 andra sidan s\u00e5 \u00f6verreagerar Paul ordentligt. Det \u00e4r trots allt Lottas liv. D\u00e4remot s\u00e5 \u00e4r detta ett br\u00e5k som \u00e4r bra f\u00f6r Lottas och Pauls relation. Lotta st\u00e5r p\u00e5 sig och s\u00e4tter ned foten, vilket b\u00e5de Paul och hon beh\u00f6ver.<\/p>\n<p>Det h\u00e4r \u00e4r inte en av mina favoritb\u00f6cker. Den lilla od\u00e5gan Teffe, son till Babban, \u00e4r med och jag ogillar verkligen honom. K\u00e4nner absolut noll sympati eller gemenskap med ett oh\u00e4ngt barn. Att han lyckas f\u00e5 med sig en apa tillbaka till Lottas hus efter att g\u00e4nget hittat en cirkus visar att han \u00e4r bortsk\u00e4md ocks\u00e5.<\/p>\n<p>Som ni kanske kommer ih\u00e5g \u00e4lskar jag Giggis kommentarer och den h\u00e4r boken kan inneh\u00e5lla de allra vassaste av dem alla. L\u00e4s och njut!<\/p>\n<p><img loading=\"lazy\" src=\"https:\/\/iminbokhylla.se\/betyg_4.png\" alt=\"betyg\" width=\"472\" height=\"99\" \/><\/p>\n","protected":false},"excerpt":{"rendered":"<p>Bok: Rena cirkusen, Lotta! F\u00f6rfattare: Ester Ringn\u00e9r-Lundgren F\u00f6rlag: B. Wahlstr\u00f6ms f\u00f6rlag Lotta best\u00e4mmer sig pl\u00f6tsligt f\u00f6r att hon inte alls vill satsa p\u00e5 journalistiken utan ist\u00e4llet t\u00e4nker hon b\u00f6rja jobba p\u00e5 sjukhuset d\u00e4r hennes syster Malin jobbar. Paul blir arg, och \u00e4ven jag. Jag kan bli lite tr\u00f6tt p\u00e5 att f\u00f6rfattaren absolut m\u00e5ste ha in &hellip; <a href=\"https:\/\/iminbokhylla.se\/?p=2018\" class=\"more-link\">Forts\u00e4tt l\u00e4sa<span class=\"screen-reader-text\"> \u201dRena cirkusen, Lotta: Ett bra br\u00e5k f\u00f6r relationen fram\u00e5t\u201d<\/span><\/a><\/p>\n","protected":false},"author":1,"featured_media":0,"comment_status":"open","ping_status":"open","sticky":false,"template":"","format":"standard","meta":[],"categories":[3],"tags":[9],"featured_image_src":null,"featured_image_src_square":null,"author_info":{"display_name":"Josefine","author_link":"https:\/\/iminbokhylla.se\/?author=1"},"_links":{"self":[{"href":"https:\/\/iminbokhylla.se\/index.php?rest_route=\/wp\/v2\/posts\/2018"}],"collection":[{"href":"https:\/\/iminbokhylla.se\/index.php?rest_route=\/wp\/v2\/posts"}],"about":[{"href":"https:\/\/iminbokhylla.se\/index.php?rest_route=\/wp\/v2\/types\/post"}],"author":[{"embeddable":true,"href":"https:\/\/iminbokhylla.se\/index.php?rest_route=\/wp\/v2\/users\/1"}],"replies":[{"embeddable":true,"href":"https:\/\/iminbokhylla.se\/index.php?rest_route=%2Fwp%2Fv2%2Fcomments&post=2018"}],"version-history":[{"count":0,"href":"https:\/\/iminbokhylla.se\/index.php?rest_route=\/wp\/v2\/posts\/2018\/revisions"}],"wp:attachment":[{"href":"https:\/\/iminbokhylla.se\/index.php?rest_route=%2Fwp%2Fv2%2Fmedia&parent=2018"}],"wp:term":[{"taxonomy":"category","embeddable":true,"href":"https:\/\/iminbokhylla.se\/index.php?rest_route=%2Fwp%2Fv2%2Fcategories&post=2018"},{"taxonomy":"post_tag","embeddable":true,"href":"https:\/\/iminbokhylla.se\/index.php?rest_route=%2Fwp%2Fv2%2Ftags&post=2018"}],"curies":[{"name":"wp","href":"https:\/\/api.w.org\/{rel}","templated":true}]}}