{"id":1974,"date":"2011-12-25T13:04:31","date_gmt":"2011-12-25T11:04:31","guid":{"rendered":"https:\/\/iminbokhylla.se\/?p=1974"},"modified":"2012-01-25T11:57:34","modified_gmt":"2012-01-25T09:57:34","slug":"en-julafton-full-av-bokformade-paket","status":"publish","type":"post","link":"https:\/\/iminbokhylla.se\/?p=1974","title":{"rendered":"En julafton full av bokformade paket"},"content":{"rendered":"<p>Ig\u00e5r m\u00e4rktes det verkligen att jag tillh\u00f6r en bok\u00e4lskande familj. Jag \u00f6verdriver inte om jag s\u00e4ger att det s\u00e4kert l\u00e5g 25 bokklappar under granen. Jag b\u00e5de gav bort och fick och h\u00e4r ser ni min &#8221;sk\u00f6rd&#8221;. Tack alla!<\/p>\n<p><a href=\"http:\/\/www.flickr.com\/photos\/granding\/6566282285\/\" title=\"Julklappsb\u00f6cker by Granding, on Flickr\"><img loading=\"lazy\" src=\"http:\/\/farm8.staticflickr.com\/7023\/6566282285_1a229b03d6.jpg\" width=\"374\" height=\"500\" alt=\"Julklappsb\u00f6cker\"><\/a><\/p>\n","protected":false},"excerpt":{"rendered":"<p>Ig\u00e5r m\u00e4rktes det verkligen att jag tillh\u00f6r en bok\u00e4lskande familj. Jag \u00f6verdriver inte om jag s\u00e4ger att det s\u00e4kert l\u00e5g 25 bokklappar under granen. Jag b\u00e5de gav bort och fick och h\u00e4r ser ni min &#8221;sk\u00f6rd&#8221;. Tack alla!<\/p>\n","protected":false},"author":1,"featured_media":0,"comment_status":"open","ping_status":"open","sticky":false,"template":"","format":"standard","meta":[],"categories":[4],"tags":[9],"featured_image_src":null,"featured_image_src_square":null,"author_info":{"display_name":"Josefine","author_link":"https:\/\/iminbokhylla.se\/?author=1"},"_links":{"self":[{"href":"https:\/\/iminbokhylla.se\/index.php?rest_route=\/wp\/v2\/posts\/1974"}],"collection":[{"href":"https:\/\/iminbokhylla.se\/index.php?rest_route=\/wp\/v2\/posts"}],"about":[{"href":"https:\/\/iminbokhylla.se\/index.php?rest_route=\/wp\/v2\/types\/post"}],"author":[{"embeddable":true,"href":"https:\/\/iminbokhylla.se\/index.php?rest_route=\/wp\/v2\/users\/1"}],"replies":[{"embeddable":true,"href":"https:\/\/iminbokhylla.se\/index.php?rest_route=%2Fwp%2Fv2%2Fcomments&post=1974"}],"version-history":[{"count":0,"href":"https:\/\/iminbokhylla.se\/index.php?rest_route=\/wp\/v2\/posts\/1974\/revisions"}],"wp:attachment":[{"href":"https:\/\/iminbokhylla.se\/index.php?rest_route=%2Fwp%2Fv2%2Fmedia&parent=1974"}],"wp:term":[{"taxonomy":"category","embeddable":true,"href":"https:\/\/iminbokhylla.se\/index.php?rest_route=%2Fwp%2Fv2%2Fcategories&post=1974"},{"taxonomy":"post_tag","embeddable":true,"href":"https:\/\/iminbokhylla.se\/index.php?rest_route=%2Fwp%2Fv2%2Ftags&post=1974"}],"curies":[{"name":"wp","href":"https:\/\/api.w.org\/{rel}","templated":true}]}}