{"id":1966,"date":"2011-12-19T12:19:21","date_gmt":"2011-12-19T10:19:21","guid":{"rendered":"https:\/\/iminbokhylla.se\/?p=1966"},"modified":"2011-12-18T22:28:13","modified_gmt":"2011-12-18T20:28:13","slug":"den-perfekta-julgranen-ja-detta-ar-ett-bokinlagg-ocksa","status":"publish","type":"post","link":"https:\/\/iminbokhylla.se\/?p=1966","title":{"rendered":"Den perfekta julgranen! (Ja, detta \u00e4r ett bokinl\u00e4gg. Ocks\u00e5.)"},"content":{"rendered":"<p>Alla som l\u00e4st <a href=\"https:\/\/iminbokhylla.se\/2010\/10\/20\/mina-alskade-lottabocker\/\">Lottab\u00f6ckerna<\/a> vet att Lotta \u00e4r mycket petig g\u00e4llande julgranen. Hon vill ha toppen p\u00e5 en gran, och den ska vara full med kottar. Jag \u00e4r ocks\u00e5 petig, men h\u00e5ller inte med Lotta. Min gran ska vara stor, h\u00f6g (har man 3,43 i takh\u00f6jd s\u00e5 har man) och precis lagom t\u00e4t. <\/p>\n<p>\u00c5rets julgran, sj\u00e4lva tr\u00e4det. Visst \u00e4r den perfekt?<br \/>\n<a href=\"http:\/\/www.flickr.com\/photos\/granding\/6522416417\/\" title=\"Julgranen p\u00e5 underv\u00e5ningen by Granding, on Flickr\"><img loading=\"lazy\" src=\"http:\/\/farm8.staticflickr.com\/7032\/6522416417_18975122fb.jpg\" width=\"374\" height=\"500\" alt=\"Julgranen p\u00e5 underv\u00e5ningen\"><\/a><\/p>\n<p>Och s\u00e5 en kl\u00e4dd version:<br \/>\n<a href=\"http:\/\/www.flickr.com\/photos\/granding\/6522416781\/\" title=\"Julgranen p\u00e5 underv\u00e5ningen by Granding, on Flickr\"><img loading=\"lazy\" src=\"http:\/\/farm8.staticflickr.com\/7151\/6522416781_22a0ac62ff.jpg\" width=\"374\" height=\"500\" alt=\"Julgranen p\u00e5 underv\u00e5ningen\"><\/a><\/p>\n<p>P\u00e5 \u00f6verv\u00e5ningen har vi en liten gran:<br \/>\n<a href=\"http:\/\/www.flickr.com\/photos\/granding\/6532316917\/\" title=\"Lilla granen by Granding, on Flickr\"><img loading=\"lazy\" src=\"http:\/\/farm8.staticflickr.com\/7147\/6532316917_1f7072fa3d.jpg\" width=\"374\" height=\"500\" alt=\"Lilla granen\"><\/a><\/p>\n","protected":false},"excerpt":{"rendered":"<p>Alla som l\u00e4st Lottab\u00f6ckerna vet att Lotta \u00e4r mycket petig g\u00e4llande julgranen. Hon vill ha toppen p\u00e5 en gran, och den ska vara full med kottar. Jag \u00e4r ocks\u00e5 petig, men h\u00e5ller inte med Lotta. Min gran ska vara stor, h\u00f6g (har man 3,43 i takh\u00f6jd s\u00e5 har man) och precis lagom t\u00e4t. \u00c5rets julgran, &hellip; <a href=\"https:\/\/iminbokhylla.se\/?p=1966\" class=\"more-link\">Forts\u00e4tt l\u00e4sa<span class=\"screen-reader-text\"> \u201dDen perfekta julgranen! (Ja, detta \u00e4r ett bokinl\u00e4gg. Ocks\u00e5.)\u201d<\/span><\/a><\/p>\n","protected":false},"author":1,"featured_media":0,"comment_status":"open","ping_status":"open","sticky":false,"template":"","format":"standard","meta":[],"categories":[4],"tags":[9],"featured_image_src":null,"featured_image_src_square":null,"author_info":{"display_name":"Josefine","author_link":"https:\/\/iminbokhylla.se\/?author=1"},"_links":{"self":[{"href":"https:\/\/iminbokhylla.se\/index.php?rest_route=\/wp\/v2\/posts\/1966"}],"collection":[{"href":"https:\/\/iminbokhylla.se\/index.php?rest_route=\/wp\/v2\/posts"}],"about":[{"href":"https:\/\/iminbokhylla.se\/index.php?rest_route=\/wp\/v2\/types\/post"}],"author":[{"embeddable":true,"href":"https:\/\/iminbokhylla.se\/index.php?rest_route=\/wp\/v2\/users\/1"}],"replies":[{"embeddable":true,"href":"https:\/\/iminbokhylla.se\/index.php?rest_route=%2Fwp%2Fv2%2Fcomments&post=1966"}],"version-history":[{"count":0,"href":"https:\/\/iminbokhylla.se\/index.php?rest_route=\/wp\/v2\/posts\/1966\/revisions"}],"wp:attachment":[{"href":"https:\/\/iminbokhylla.se\/index.php?rest_route=%2Fwp%2Fv2%2Fmedia&parent=1966"}],"wp:term":[{"taxonomy":"category","embeddable":true,"href":"https:\/\/iminbokhylla.se\/index.php?rest_route=%2Fwp%2Fv2%2Fcategories&post=1966"},{"taxonomy":"post_tag","embeddable":true,"href":"https:\/\/iminbokhylla.se\/index.php?rest_route=%2Fwp%2Fv2%2Ftags&post=1966"}],"curies":[{"name":"wp","href":"https:\/\/api.w.org\/{rel}","templated":true}]}}