{"id":192,"date":"2010-11-13T16:51:11","date_gmt":"2010-11-13T14:51:11","guid":{"rendered":"https:\/\/iminbokhylla.se\/?p=192"},"modified":"2011-07-27T16:34:30","modified_gmt":"2011-07-27T14:34:30","slug":"van-med-en-forfattare","status":"publish","type":"post","link":"https:\/\/iminbokhylla.se\/?p=192","title":{"rendered":"V\u00e4n med en f\u00f6rfattare"},"content":{"rendered":"<p>L\u00e4ste p\u00e5 <a href=\"http:\/\/blogg.yourlife.nu\/malins-funderingar\/2010\/11\/13\/to-be-or-not-to-be\/\">Malin Persson Giolitos blogg<\/a> att hon skaffat Facebook. Hon ville bli pokead eller n\u00e5t. Jag tyckte det k\u00e4ndes m\u00e4rkligt att bara bli v\u00e4n med henne, vi k\u00e4nner ju inte varandra, s\u00e5 jag skickade ett FB-mail till henne och undrade om hon ville bli v\u00e4n med en trogen bloggl\u00e4sare. N\u00e5gra minuter senare fick jag ett trevligt svar och ett friend request. S\u00e5 nu \u00e4r jag FB-v\u00e4n med den coola Malin, som jobbar i Bryssel, bloggar och skriver b\u00f6cker. <\/p>\n<p>(Och till mina v\u00e4nner som \u00e4r f\u00f6rfattare; ni \u00e4r ocks\u00e5 coola och duktiga. Men i min v\u00e4rld \u00e4r ni fr\u00e4mst v\u00e4nner och i andra hand f\u00f6rfattare. :))<\/p>\n","protected":false},"excerpt":{"rendered":"<p>L\u00e4ste p\u00e5 Malin Persson Giolitos blogg att hon skaffat Facebook. Hon ville bli pokead eller n\u00e5t. Jag tyckte det k\u00e4ndes m\u00e4rkligt att bara bli v\u00e4n med henne, vi k\u00e4nner ju inte varandra, s\u00e5 jag skickade ett FB-mail till henne och undrade om hon ville bli v\u00e4n med en trogen bloggl\u00e4sare. N\u00e5gra minuter senare fick jag &hellip; <a href=\"https:\/\/iminbokhylla.se\/?p=192\" class=\"more-link\">Forts\u00e4tt l\u00e4sa<span class=\"screen-reader-text\"> \u201dV\u00e4n med en f\u00f6rfattare\u201d<\/span><\/a><\/p>\n","protected":false},"author":1,"featured_media":0,"comment_status":"open","ping_status":"open","sticky":false,"template":"","format":"standard","meta":[],"categories":[4],"tags":[9],"featured_image_src":null,"featured_image_src_square":null,"author_info":{"display_name":"Josefine","author_link":"https:\/\/iminbokhylla.se\/?author=1"},"_links":{"self":[{"href":"https:\/\/iminbokhylla.se\/index.php?rest_route=\/wp\/v2\/posts\/192"}],"collection":[{"href":"https:\/\/iminbokhylla.se\/index.php?rest_route=\/wp\/v2\/posts"}],"about":[{"href":"https:\/\/iminbokhylla.se\/index.php?rest_route=\/wp\/v2\/types\/post"}],"author":[{"embeddable":true,"href":"https:\/\/iminbokhylla.se\/index.php?rest_route=\/wp\/v2\/users\/1"}],"replies":[{"embeddable":true,"href":"https:\/\/iminbokhylla.se\/index.php?rest_route=%2Fwp%2Fv2%2Fcomments&post=192"}],"version-history":[{"count":0,"href":"https:\/\/iminbokhylla.se\/index.php?rest_route=\/wp\/v2\/posts\/192\/revisions"}],"wp:attachment":[{"href":"https:\/\/iminbokhylla.se\/index.php?rest_route=%2Fwp%2Fv2%2Fmedia&parent=192"}],"wp:term":[{"taxonomy":"category","embeddable":true,"href":"https:\/\/iminbokhylla.se\/index.php?rest_route=%2Fwp%2Fv2%2Fcategories&post=192"},{"taxonomy":"post_tag","embeddable":true,"href":"https:\/\/iminbokhylla.se\/index.php?rest_route=%2Fwp%2Fv2%2Ftags&post=192"}],"curies":[{"name":"wp","href":"https:\/\/api.w.org\/{rel}","templated":true}]}}