{"id":1893,"date":"2012-01-12T11:37:28","date_gmt":"2012-01-12T09:37:28","guid":{"rendered":"https:\/\/iminbokhylla.se\/?p=1893"},"modified":"2012-01-11T21:40:19","modified_gmt":"2012-01-11T19:40:19","slug":"lotta-flyttar-till-stockholm-i-rakt-i-plurret-lotta","status":"publish","type":"post","link":"https:\/\/iminbokhylla.se\/?p=1893","title":{"rendered":"Lotta flyttar till Stockholm i Rakt i plurret, Lotta!"},"content":{"rendered":"<p><strong>Bok<\/strong>: Rakt i plurret, Lotta!<br \/>\n<strong>F\u00f6rfattare<\/strong>: Ester Ringn\u00e9r-Lundgren<br \/>\n<strong>F\u00f6rlag<\/strong>: B. Wahlstr\u00f6ms f\u00f6rlag<\/p>\n<p><a title=\"36 by Granding, on Flickr\" href=\"http:\/\/www.flickr.com\/photos\/granding\/5389562507\/\"><img loading=\"lazy\" src=\"http:\/\/farm6.staticflickr.com\/5093\/5389562507_73bd10fe1f.jpg\" alt=\"36\" width=\"220\" height=\"345\" \/><\/a><\/p>\n<p>Nu kommer en epok av Lottab\u00f6ckerna som jag gillar lite extra numer. Nu flyttar n\u00e4mligen Lotta till Stockholm. N\u00e4r jag var yngre t\u00e4nkte jag inte s\u00e5 mycket p\u00e5 det, men nu tycker jag att det \u00e4r j\u00e4ttekul att t\u00e4nka p\u00e5 att Lotta \u00e4r p\u00e5 platser jag ocks\u00e5 bes\u00f6ker. H\u00f6torget, Skansen, NK &#8230;<\/p>\n<p>Lotta flyttar in till sin storasyster Malin som bor i en f\u00f6rort, och b\u00f6rjar dessutom jobba p\u00e5 samma sjukhus. Hom f\u00e5r nya v\u00e4nner, och br\u00e5kar som vanligt med H\u00e5kan, Malins pojkv\u00e4n. Just den delen gillar jag lite extra mycket. Allt som kan f\u00e5 H\u00e5kan p\u00e5 avst\u00e5nd, eller kanske snarare, allt som f\u00e5r Malin att inse vilken skitst\u00f6vel han \u00e4r, g\u00f6r mig glad.<\/p>\n<p><strong>Vad tycker ni som ocks\u00e5 l\u00e4st Lottab\u00f6ckerna? Visst \u00e4r H\u00e5kan vidrig? <\/strong><\/p>\n<p><img loading=\"lazy\" src=\"https:\/\/iminbokhylla.se\/betyg_4.png\" alt=\"betyg\" width=\"472\" height=\"99\" \/><\/p>\n","protected":false},"excerpt":{"rendered":"<p>Bok: Rakt i plurret, Lotta! F\u00f6rfattare: Ester Ringn\u00e9r-Lundgren F\u00f6rlag: B. Wahlstr\u00f6ms f\u00f6rlag Nu kommer en epok av Lottab\u00f6ckerna som jag gillar lite extra numer. Nu flyttar n\u00e4mligen Lotta till Stockholm. N\u00e4r jag var yngre t\u00e4nkte jag inte s\u00e5 mycket p\u00e5 det, men nu tycker jag att det \u00e4r j\u00e4ttekul att t\u00e4nka p\u00e5 att Lotta \u00e4r &hellip; <a href=\"https:\/\/iminbokhylla.se\/?p=1893\" class=\"more-link\">Forts\u00e4tt l\u00e4sa<span class=\"screen-reader-text\"> \u201dLotta flyttar till Stockholm i Rakt i plurret, Lotta!\u201d<\/span><\/a><\/p>\n","protected":false},"author":1,"featured_media":0,"comment_status":"open","ping_status":"open","sticky":false,"template":"","format":"standard","meta":[],"categories":[3],"tags":[9],"featured_image_src":null,"featured_image_src_square":null,"author_info":{"display_name":"Josefine","author_link":"https:\/\/iminbokhylla.se\/?author=1"},"_links":{"self":[{"href":"https:\/\/iminbokhylla.se\/index.php?rest_route=\/wp\/v2\/posts\/1893"}],"collection":[{"href":"https:\/\/iminbokhylla.se\/index.php?rest_route=\/wp\/v2\/posts"}],"about":[{"href":"https:\/\/iminbokhylla.se\/index.php?rest_route=\/wp\/v2\/types\/post"}],"author":[{"embeddable":true,"href":"https:\/\/iminbokhylla.se\/index.php?rest_route=\/wp\/v2\/users\/1"}],"replies":[{"embeddable":true,"href":"https:\/\/iminbokhylla.se\/index.php?rest_route=%2Fwp%2Fv2%2Fcomments&post=1893"}],"version-history":[{"count":0,"href":"https:\/\/iminbokhylla.se\/index.php?rest_route=\/wp\/v2\/posts\/1893\/revisions"}],"wp:attachment":[{"href":"https:\/\/iminbokhylla.se\/index.php?rest_route=%2Fwp%2Fv2%2Fmedia&parent=1893"}],"wp:term":[{"taxonomy":"category","embeddable":true,"href":"https:\/\/iminbokhylla.se\/index.php?rest_route=%2Fwp%2Fv2%2Fcategories&post=1893"},{"taxonomy":"post_tag","embeddable":true,"href":"https:\/\/iminbokhylla.se\/index.php?rest_route=%2Fwp%2Fv2%2Ftags&post=1893"}],"curies":[{"name":"wp","href":"https:\/\/api.w.org\/{rel}","templated":true}]}}