{"id":186,"date":"2010-11-12T15:15:57","date_gmt":"2010-11-12T13:15:57","guid":{"rendered":"https:\/\/iminbokhylla.se\/?p=186"},"modified":"2011-07-27T16:34:30","modified_gmt":"2011-07-27T14:34:30","slug":"en-overstrykningspenna-och-en-bokkatalog","status":"publish","type":"post","link":"https:\/\/iminbokhylla.se\/?p=186","title":{"rendered":"En \u00f6verstrykningspenna och en bokkatalog"},"content":{"rendered":"<p>N\u00e4r jag var liten var b\u00f6cker dyrt. S\u00e5 n\u00e4r andra pratar om leksakskatalogen och en \u00f6verstrykningspenna inf\u00f6r jul\u00f6nskningarna s\u00e5 minns jag bokreakatalogen och en \u00f6verstrykningspenna. Det gl\u00e4ttiga pappret, pennan mamma tagit hem fr\u00e5n jobbet och s\u00e5 alla h\u00e4rliga b\u00f6cker. Och f\u00f6rst\u00e5s lyckan n\u00e4r mamma kom hem fr\u00e5n bokrean med en p\u00e5se till mig. <\/p>\n<p>N\u00e5gra \u00e5r senare inf\u00f6rdes &#8221;den stora momsdagen&#8221; (mitt ord, inget utbrett begrepp vad jag vet) och d\u00e5s\u00e4nktes momsen p\u00e5 b\u00f6cker, fr\u00e5n 25% till 6%, under en dag. D\u00e5 hade jag blivit \u00e4ldre och mamma och jag brukade \u00e5ka till en bokhandel tillsammans. Ofta handlade vi tjugo b\u00f6cker var. <\/p>\n<p>1 januari 2002 inf\u00f6rdes 6%-ig moms p\u00e5 b\u00f6cker som standard. Det \u00e4r f\u00f6rst\u00e5s underbart och helt r\u00e4tt (<a href=\"http:\/\/www.kulturradet.se\/sv\/Nyheter1\/Lagre-bokmoms-borde-ha-gett-billigare-bocker\/\">\u00e4ven om b\u00f6ckerna inte blev s\u00e5 billiga som man trodde<\/a>) men jag kan \u00e4nd\u00e5 sakna de d\u00e4r magiska stunderna med \u00f6verstrykningspennan.  <\/p>\n","protected":false},"excerpt":{"rendered":"<p>N\u00e4r jag var liten var b\u00f6cker dyrt. S\u00e5 n\u00e4r andra pratar om leksakskatalogen och en \u00f6verstrykningspenna inf\u00f6r jul\u00f6nskningarna s\u00e5 minns jag bokreakatalogen och en \u00f6verstrykningspenna. Det gl\u00e4ttiga pappret, pennan mamma tagit hem fr\u00e5n jobbet och s\u00e5 alla h\u00e4rliga b\u00f6cker. Och f\u00f6rst\u00e5s lyckan n\u00e4r mamma kom hem fr\u00e5n bokrean med en p\u00e5se till mig. N\u00e5gra \u00e5r &hellip; <a href=\"https:\/\/iminbokhylla.se\/?p=186\" class=\"more-link\">Forts\u00e4tt l\u00e4sa<span class=\"screen-reader-text\"> \u201dEn \u00f6verstrykningspenna och en bokkatalog\u201d<\/span><\/a><\/p>\n","protected":false},"author":1,"featured_media":0,"comment_status":"open","ping_status":"open","sticky":false,"template":"","format":"standard","meta":[],"categories":[4],"tags":[9],"featured_image_src":null,"featured_image_src_square":null,"author_info":{"display_name":"Josefine","author_link":"https:\/\/iminbokhylla.se\/?author=1"},"_links":{"self":[{"href":"https:\/\/iminbokhylla.se\/index.php?rest_route=\/wp\/v2\/posts\/186"}],"collection":[{"href":"https:\/\/iminbokhylla.se\/index.php?rest_route=\/wp\/v2\/posts"}],"about":[{"href":"https:\/\/iminbokhylla.se\/index.php?rest_route=\/wp\/v2\/types\/post"}],"author":[{"embeddable":true,"href":"https:\/\/iminbokhylla.se\/index.php?rest_route=\/wp\/v2\/users\/1"}],"replies":[{"embeddable":true,"href":"https:\/\/iminbokhylla.se\/index.php?rest_route=%2Fwp%2Fv2%2Fcomments&post=186"}],"version-history":[{"count":0,"href":"https:\/\/iminbokhylla.se\/index.php?rest_route=\/wp\/v2\/posts\/186\/revisions"}],"wp:attachment":[{"href":"https:\/\/iminbokhylla.se\/index.php?rest_route=%2Fwp%2Fv2%2Fmedia&parent=186"}],"wp:term":[{"taxonomy":"category","embeddable":true,"href":"https:\/\/iminbokhylla.se\/index.php?rest_route=%2Fwp%2Fv2%2Fcategories&post=186"},{"taxonomy":"post_tag","embeddable":true,"href":"https:\/\/iminbokhylla.se\/index.php?rest_route=%2Fwp%2Fv2%2Ftags&post=186"}],"curies":[{"name":"wp","href":"https:\/\/api.w.org\/{rel}","templated":true}]}}