{"id":1840,"date":"2011-11-28T16:31:39","date_gmt":"2011-11-28T14:31:39","guid":{"rendered":"https:\/\/iminbokhylla.se\/?p=1840"},"modified":"2012-01-25T11:59:18","modified_gmt":"2012-01-25T09:59:18","slug":"pa-gang-mot-bokmassan","status":"publish","type":"post","link":"https:\/\/iminbokhylla.se\/?p=1840","title":{"rendered":"P\u00e5 g\u00e5ng mot Bokm\u00e4ssan"},"content":{"rendered":"<p>Ja ok, det \u00e4r kanske lite v\u00e4l tidigt att b\u00f6rja prata om Bokm\u00e4ssan 2012, det \u00e4r trots allt 304 dagar kvar. Men eftersom jag \u00e4r en av \u00e5rets <a href=\"https:\/\/iminbokhylla.se\/2011\/11\/18\/i-min-bokhylla-blir-bloggambassador-pa-bokmassan\/\">bloggambassad\u00f6rer<\/a> b\u00f6rjan m\u00e4ssan lite tidigare f\u00f6r mig. I februari tr\u00e4ffas alla bloggambassad\u00f6rer f\u00f6r att prata mer om \u00e5rets stora bokh\u00e4ndelse. Och dit \u00e4r det bara 70 dagar. Jag bokade just t\u00e5gbiljetterna. <\/p>\n","protected":false},"excerpt":{"rendered":"<p>Ja ok, det \u00e4r kanske lite v\u00e4l tidigt att b\u00f6rja prata om Bokm\u00e4ssan 2012, det \u00e4r trots allt 304 dagar kvar. Men eftersom jag \u00e4r en av \u00e5rets bloggambassad\u00f6rer b\u00f6rjan m\u00e4ssan lite tidigare f\u00f6r mig. I februari tr\u00e4ffas alla bloggambassad\u00f6rer f\u00f6r att prata mer om \u00e5rets stora bokh\u00e4ndelse. Och dit \u00e4r det bara 70 dagar. &hellip; <a href=\"https:\/\/iminbokhylla.se\/?p=1840\" class=\"more-link\">Forts\u00e4tt l\u00e4sa<span class=\"screen-reader-text\"> \u201dP\u00e5 g\u00e5ng mot Bokm\u00e4ssan\u201d<\/span><\/a><\/p>\n","protected":false},"author":1,"featured_media":0,"comment_status":"open","ping_status":"open","sticky":false,"template":"","format":"standard","meta":[],"categories":[12,4],"tags":[9],"featured_image_src":null,"featured_image_src_square":null,"author_info":{"display_name":"Josefine","author_link":"https:\/\/iminbokhylla.se\/?author=1"},"_links":{"self":[{"href":"https:\/\/iminbokhylla.se\/index.php?rest_route=\/wp\/v2\/posts\/1840"}],"collection":[{"href":"https:\/\/iminbokhylla.se\/index.php?rest_route=\/wp\/v2\/posts"}],"about":[{"href":"https:\/\/iminbokhylla.se\/index.php?rest_route=\/wp\/v2\/types\/post"}],"author":[{"embeddable":true,"href":"https:\/\/iminbokhylla.se\/index.php?rest_route=\/wp\/v2\/users\/1"}],"replies":[{"embeddable":true,"href":"https:\/\/iminbokhylla.se\/index.php?rest_route=%2Fwp%2Fv2%2Fcomments&post=1840"}],"version-history":[{"count":0,"href":"https:\/\/iminbokhylla.se\/index.php?rest_route=\/wp\/v2\/posts\/1840\/revisions"}],"wp:attachment":[{"href":"https:\/\/iminbokhylla.se\/index.php?rest_route=%2Fwp%2Fv2%2Fmedia&parent=1840"}],"wp:term":[{"taxonomy":"category","embeddable":true,"href":"https:\/\/iminbokhylla.se\/index.php?rest_route=%2Fwp%2Fv2%2Fcategories&post=1840"},{"taxonomy":"post_tag","embeddable":true,"href":"https:\/\/iminbokhylla.se\/index.php?rest_route=%2Fwp%2Fv2%2Ftags&post=1840"}],"curies":[{"name":"wp","href":"https:\/\/api.w.org\/{rel}","templated":true}]}}