{"id":1773,"date":"2011-11-15T09:56:52","date_gmt":"2011-11-15T07:56:52","guid":{"rendered":"https:\/\/iminbokhylla.se\/?p=1773"},"modified":"2011-11-15T09:56:52","modified_gmt":"2011-11-15T07:56:52","slug":"de-dodas-ombud-brittiska-deckare-ar-inte-min-grej","status":"publish","type":"post","link":"https:\/\/iminbokhylla.se\/?p=1773","title":{"rendered":"De d\u00f6das ombud: brittiska deckare \u00e4r inte min grej"},"content":{"rendered":"<p><strong>Bok<\/strong>: De d\u00f6das ombud<br \/>\n<strong>F\u00f6rfattare<\/strong>: M.R. Hall<br \/>\n<strong>F\u00f6rlag<\/strong>: Pronto Pocket<\/p>\n<p><em>Recensionsexemplar fr\u00e5n Pronto Pocket<\/em><\/p>\n<p>Advokaten Jenny Cooper har g\u00e5tt igenom en tuff tid. Skilsm\u00e4ssa, panikattacker och pillerberoende \u00e4r vad hennes liv handlar om n\u00e4r hon f\u00e5r ett nytt jobb, som coroner i Bristol. <\/p>\n<p>Redan f\u00f6rsta dagen p\u00e5 jobbet b\u00f6rjar hon dock ana or\u00e5d, hennes f\u00f6retr\u00e4dare har l\u00e4mnat en del mystiska sp\u00e5r efter sig. Coronern Jenny beslutar sig f\u00f6r att, med alla medel, reda upp i h\u00e4rvan. <\/p>\n<p><a href=\"https:\/\/iminbokhylla.se\/wp-content\/uploads\/2011\/11\/De-d\u00f6das-ombud.jpg\"><img loading=\"lazy\" src=\"https:\/\/iminbokhylla.se\/wp-content\/uploads\/2011\/11\/De-d\u00f6das-ombud.jpg\" alt=\"\" title=\"De d\u00f6das ombud\" width=\"185\" height=\"300\" class=\"alignnone size-full wp-image-1783\" \/><\/a><\/p>\n<p>V\u00e4lskriven? Ja.<br \/>\nBra story? Ja.<br \/>\nIntressanta karakt\u00e4rer? Ja.<br \/>\nSeg? Ja.<br \/>\nN\u00e4r ska jag inse att jag inte \u00e4r ett fan av brittiska deckare?<\/p>\n<p><img loading=\"lazy\" src=\"https:\/\/iminbokhylla.se\/betyg_3.png\" alt=\"betyg\" width=\"472\" height=\"99\" \/><\/p>\n","protected":false},"excerpt":{"rendered":"<p>Bok: De d\u00f6das ombud F\u00f6rfattare: M.R. Hall F\u00f6rlag: Pronto Pocket Recensionsexemplar fr\u00e5n Pronto Pocket Advokaten Jenny Cooper har g\u00e5tt igenom en tuff tid. Skilsm\u00e4ssa, panikattacker och pillerberoende \u00e4r vad hennes liv handlar om n\u00e4r hon f\u00e5r ett nytt jobb, som coroner i Bristol. Redan f\u00f6rsta dagen p\u00e5 jobbet b\u00f6rjar hon dock ana or\u00e5d, hennes f\u00f6retr\u00e4dare &hellip; <a href=\"https:\/\/iminbokhylla.se\/?p=1773\" class=\"more-link\">Forts\u00e4tt l\u00e4sa<span class=\"screen-reader-text\"> \u201dDe d\u00f6das ombud: brittiska deckare \u00e4r inte min grej\u201d<\/span><\/a><\/p>\n","protected":false},"author":1,"featured_media":0,"comment_status":"open","ping_status":"open","sticky":false,"template":"","format":"standard","meta":[],"categories":[3],"tags":[9],"featured_image_src":null,"featured_image_src_square":null,"author_info":{"display_name":"Josefine","author_link":"https:\/\/iminbokhylla.se\/?author=1"},"_links":{"self":[{"href":"https:\/\/iminbokhylla.se\/index.php?rest_route=\/wp\/v2\/posts\/1773"}],"collection":[{"href":"https:\/\/iminbokhylla.se\/index.php?rest_route=\/wp\/v2\/posts"}],"about":[{"href":"https:\/\/iminbokhylla.se\/index.php?rest_route=\/wp\/v2\/types\/post"}],"author":[{"embeddable":true,"href":"https:\/\/iminbokhylla.se\/index.php?rest_route=\/wp\/v2\/users\/1"}],"replies":[{"embeddable":true,"href":"https:\/\/iminbokhylla.se\/index.php?rest_route=%2Fwp%2Fv2%2Fcomments&post=1773"}],"version-history":[{"count":0,"href":"https:\/\/iminbokhylla.se\/index.php?rest_route=\/wp\/v2\/posts\/1773\/revisions"}],"wp:attachment":[{"href":"https:\/\/iminbokhylla.se\/index.php?rest_route=%2Fwp%2Fv2%2Fmedia&parent=1773"}],"wp:term":[{"taxonomy":"category","embeddable":true,"href":"https:\/\/iminbokhylla.se\/index.php?rest_route=%2Fwp%2Fv2%2Fcategories&post=1773"},{"taxonomy":"post_tag","embeddable":true,"href":"https:\/\/iminbokhylla.se\/index.php?rest_route=%2Fwp%2Fv2%2Ftags&post=1773"}],"curies":[{"name":"wp","href":"https:\/\/api.w.org\/{rel}","templated":true}]}}