{"id":1771,"date":"2011-11-26T16:31:38","date_gmt":"2011-11-26T14:31:38","guid":{"rendered":"https:\/\/iminbokhylla.se\/?p=1771"},"modified":"2011-11-17T16:32:05","modified_gmt":"2011-11-17T14:32:05","slug":"med-berom-godkand-far-icke-godkant","status":"publish","type":"post","link":"https:\/\/iminbokhylla.se\/?p=1771","title":{"rendered":"Med ber\u00f6m godk\u00e4nd: f\u00e5r icke godk\u00e4nt"},"content":{"rendered":"<p><strong>Bok:<\/strong> Med ber\u00f6m godk\u00e4nd<br \/>\n<strong>F\u00f6rfattare:<\/strong> Cecily von Ziegesar<br \/>\n<strong>F\u00f6rlag:<\/strong> Damm F\u00f6rlag<\/p>\n<p><em>Recensionsexemplar fr\u00e5n Damm f\u00f6rlag<\/em><\/p>\n<p>Ett g\u00e4ng ungdomar som aldrig tr\u00e4ffats tidigare blir ihopf\u00f6sta p\u00e5 college. Hemligheter, relationer, intriger. <\/p>\n<p><a href=\"https:\/\/iminbokhylla.se\/wp-content\/uploads\/2011\/11\/Med-ber\u00f6m-godk\u00e4nt.jpg\"><img loading=\"lazy\" src=\"https:\/\/iminbokhylla.se\/wp-content\/uploads\/2011\/11\/Med-ber\u00f6m-godk\u00e4nt.jpg\" alt=\"\" title=\"Med ber\u00f6m godk\u00e4nt\" width=\"199\" height=\"300\" class=\"alignnone size-full wp-image-1822\" \/><\/a><\/p>\n<p>Man marknadsf\u00f6r boken med meningen &#8221;Gossip Girl-f\u00f6rfattaren skriver f\u00f6r vuxna!&#8221;. Knappast, s\u00e4ger jag. Handlingen kretsar kring ett g\u00e4ng ungdomar som precis b\u00f6rjat p\u00e5 college. Dessutom \u00e4r den ungdomligt skriven. Som ungdomsbok kanske den funkar, men f\u00f6r vuxna f\u00e5r den definitivt icke godk\u00e4nt. <\/p>\n<p><img loading=\"lazy\" src=\"https:\/\/iminbokhylla.se\/betyg_2.png\" alt=\"betyg\" width=\"472\" height=\"99\" \/><\/p>\n","protected":false},"excerpt":{"rendered":"<p>Bok: Med ber\u00f6m godk\u00e4nd F\u00f6rfattare: Cecily von Ziegesar F\u00f6rlag: Damm F\u00f6rlag Recensionsexemplar fr\u00e5n Damm f\u00f6rlag Ett g\u00e4ng ungdomar som aldrig tr\u00e4ffats tidigare blir ihopf\u00f6sta p\u00e5 college. Hemligheter, relationer, intriger. Man marknadsf\u00f6r boken med meningen &#8221;Gossip Girl-f\u00f6rfattaren skriver f\u00f6r vuxna!&#8221;. Knappast, s\u00e4ger jag. Handlingen kretsar kring ett g\u00e4ng ungdomar som precis b\u00f6rjat p\u00e5 college. Dessutom \u00e4r &hellip; <a href=\"https:\/\/iminbokhylla.se\/?p=1771\" class=\"more-link\">Forts\u00e4tt l\u00e4sa<span class=\"screen-reader-text\"> \u201dMed ber\u00f6m godk\u00e4nd: f\u00e5r icke godk\u00e4nt\u201d<\/span><\/a><\/p>\n","protected":false},"author":1,"featured_media":0,"comment_status":"open","ping_status":"open","sticky":false,"template":"","format":"standard","meta":[],"categories":[3],"tags":[9],"featured_image_src":null,"featured_image_src_square":null,"author_info":{"display_name":"Josefine","author_link":"https:\/\/iminbokhylla.se\/?author=1"},"_links":{"self":[{"href":"https:\/\/iminbokhylla.se\/index.php?rest_route=\/wp\/v2\/posts\/1771"}],"collection":[{"href":"https:\/\/iminbokhylla.se\/index.php?rest_route=\/wp\/v2\/posts"}],"about":[{"href":"https:\/\/iminbokhylla.se\/index.php?rest_route=\/wp\/v2\/types\/post"}],"author":[{"embeddable":true,"href":"https:\/\/iminbokhylla.se\/index.php?rest_route=\/wp\/v2\/users\/1"}],"replies":[{"embeddable":true,"href":"https:\/\/iminbokhylla.se\/index.php?rest_route=%2Fwp%2Fv2%2Fcomments&post=1771"}],"version-history":[{"count":0,"href":"https:\/\/iminbokhylla.se\/index.php?rest_route=\/wp\/v2\/posts\/1771\/revisions"}],"wp:attachment":[{"href":"https:\/\/iminbokhylla.se\/index.php?rest_route=%2Fwp%2Fv2%2Fmedia&parent=1771"}],"wp:term":[{"taxonomy":"category","embeddable":true,"href":"https:\/\/iminbokhylla.se\/index.php?rest_route=%2Fwp%2Fv2%2Fcategories&post=1771"},{"taxonomy":"post_tag","embeddable":true,"href":"https:\/\/iminbokhylla.se\/index.php?rest_route=%2Fwp%2Fv2%2Ftags&post=1771"}],"curies":[{"name":"wp","href":"https:\/\/api.w.org\/{rel}","templated":true}]}}