{"id":1769,"date":"2011-11-14T20:49:02","date_gmt":"2011-11-14T18:49:02","guid":{"rendered":"https:\/\/iminbokhylla.se\/?p=1769"},"modified":"2012-01-25T11:59:47","modified_gmt":"2012-01-25T09:59:47","slug":"huvudjagarna-som-film","status":"publish","type":"post","link":"https:\/\/iminbokhylla.se\/?p=1769","title":{"rendered":"Huvudj\u00e4garna som film"},"content":{"rendered":"<p>Jag har <a href=\"https:\/\/iminbokhylla.se\/2011\/08\/01\/huvudjagarna-nesbos-basta\/\">tidigare skrivit<\/a> att Huvudj\u00e4garna \u00e4r Jo Nesb\u00f6s b\u00e4sta bok. Tycker jag. Nu har den kommit som film, och i l\u00f6rdags gick jag och mamma och s\u00e5g den. Den var absolut kul att se, men i boken uppfattade jag huvudpersonen, sj\u00e4lva huvudj\u00e4garen, som ganska h\u00e5rd och cool. I filmen var han ganska fjantig. <\/p>\n","protected":false},"excerpt":{"rendered":"<p>Jag har tidigare skrivit att Huvudj\u00e4garna \u00e4r Jo Nesb\u00f6s b\u00e4sta bok. Tycker jag. Nu har den kommit som film, och i l\u00f6rdags gick jag och mamma och s\u00e5g den. Den var absolut kul att se, men i boken uppfattade jag huvudpersonen, sj\u00e4lva huvudj\u00e4garen, som ganska h\u00e5rd och cool. I filmen var han ganska fjantig.<\/p>\n","protected":false},"author":1,"featured_media":0,"comment_status":"open","ping_status":"open","sticky":false,"template":"","format":"standard","meta":[],"categories":[4],"tags":[9],"featured_image_src":null,"featured_image_src_square":null,"author_info":{"display_name":"Josefine","author_link":"https:\/\/iminbokhylla.se\/?author=1"},"_links":{"self":[{"href":"https:\/\/iminbokhylla.se\/index.php?rest_route=\/wp\/v2\/posts\/1769"}],"collection":[{"href":"https:\/\/iminbokhylla.se\/index.php?rest_route=\/wp\/v2\/posts"}],"about":[{"href":"https:\/\/iminbokhylla.se\/index.php?rest_route=\/wp\/v2\/types\/post"}],"author":[{"embeddable":true,"href":"https:\/\/iminbokhylla.se\/index.php?rest_route=\/wp\/v2\/users\/1"}],"replies":[{"embeddable":true,"href":"https:\/\/iminbokhylla.se\/index.php?rest_route=%2Fwp%2Fv2%2Fcomments&post=1769"}],"version-history":[{"count":0,"href":"https:\/\/iminbokhylla.se\/index.php?rest_route=\/wp\/v2\/posts\/1769\/revisions"}],"wp:attachment":[{"href":"https:\/\/iminbokhylla.se\/index.php?rest_route=%2Fwp%2Fv2%2Fmedia&parent=1769"}],"wp:term":[{"taxonomy":"category","embeddable":true,"href":"https:\/\/iminbokhylla.se\/index.php?rest_route=%2Fwp%2Fv2%2Fcategories&post=1769"},{"taxonomy":"post_tag","embeddable":true,"href":"https:\/\/iminbokhylla.se\/index.php?rest_route=%2Fwp%2Fv2%2Ftags&post=1769"}],"curies":[{"name":"wp","href":"https:\/\/api.w.org\/{rel}","templated":true}]}}