{"id":1764,"date":"2011-11-08T22:36:11","date_gmt":"2011-11-08T20:36:11","guid":{"rendered":"https:\/\/iminbokhylla.se\/?p=1764"},"modified":"2011-11-08T22:36:11","modified_gmt":"2011-11-08T20:36:11","slug":"bokresan-nu","status":"publish","type":"post","link":"https:\/\/iminbokhylla.se\/?p=1764","title":{"rendered":"Bokresan.nu"},"content":{"rendered":"<p>I februari \u00e5ker jag p\u00e5 en bokresa. <a href=\"http:\/\/www.bokresan.nu\/\">Bokresan.nu<\/a> handlar om att bok\u00e4lskare ska f\u00e5 samlas en helg, diskutera, tr\u00e4ffas och l\u00e4sa. Ska bli kul!<\/p>\n","protected":false},"excerpt":{"rendered":"<p>I februari \u00e5ker jag p\u00e5 en bokresa. Bokresan.nu handlar om att bok\u00e4lskare ska f\u00e5 samlas en helg, diskutera, tr\u00e4ffas och l\u00e4sa. Ska bli kul!<\/p>\n","protected":false},"author":1,"featured_media":0,"comment_status":"open","ping_status":"open","sticky":false,"template":"","format":"standard","meta":[],"categories":[4],"tags":[9],"featured_image_src":null,"featured_image_src_square":null,"author_info":{"display_name":"Josefine","author_link":"https:\/\/iminbokhylla.se\/?author=1"},"_links":{"self":[{"href":"https:\/\/iminbokhylla.se\/index.php?rest_route=\/wp\/v2\/posts\/1764"}],"collection":[{"href":"https:\/\/iminbokhylla.se\/index.php?rest_route=\/wp\/v2\/posts"}],"about":[{"href":"https:\/\/iminbokhylla.se\/index.php?rest_route=\/wp\/v2\/types\/post"}],"author":[{"embeddable":true,"href":"https:\/\/iminbokhylla.se\/index.php?rest_route=\/wp\/v2\/users\/1"}],"replies":[{"embeddable":true,"href":"https:\/\/iminbokhylla.se\/index.php?rest_route=%2Fwp%2Fv2%2Fcomments&post=1764"}],"version-history":[{"count":0,"href":"https:\/\/iminbokhylla.se\/index.php?rest_route=\/wp\/v2\/posts\/1764\/revisions"}],"wp:attachment":[{"href":"https:\/\/iminbokhylla.se\/index.php?rest_route=%2Fwp%2Fv2%2Fmedia&parent=1764"}],"wp:term":[{"taxonomy":"category","embeddable":true,"href":"https:\/\/iminbokhylla.se\/index.php?rest_route=%2Fwp%2Fv2%2Fcategories&post=1764"},{"taxonomy":"post_tag","embeddable":true,"href":"https:\/\/iminbokhylla.se\/index.php?rest_route=%2Fwp%2Fv2%2Ftags&post=1764"}],"curies":[{"name":"wp","href":"https:\/\/api.w.org\/{rel}","templated":true}]}}