{"id":1752,"date":"2011-10-30T17:20:05","date_gmt":"2011-10-30T15:20:05","guid":{"rendered":"https:\/\/iminbokhylla.se\/2011\/10\/30\/bokplanen-som-kom-av-sig\/"},"modified":"2012-01-25T12:00:18","modified_gmt":"2012-01-25T10:00:18","slug":"bokplanen-som-kom-av-sig","status":"publish","type":"post","link":"https:\/\/iminbokhylla.se\/?p=1752","title":{"rendered":"Fast i ett plan utan b\u00f6cker"},"content":{"rendered":"<p>Varje \u00e5r kring v\u00e5r \u00e5rsdag (den 3\/11) \u00e5ker vi n\u00e5gonstans. Det har varierat mellan en helg i G\u00e4vle och en vecka i New York. F\u00f6rra \u00e5ret var vi <a href=\"https:\/\/iminbokhylla.se\/2010\/10\/28\/hostlov-pa-landet\/\">en vecka p\u00e5 landet<\/a>. Ig\u00e5r \u00e5kte vi till Riga och h\u00e4r ska vi vara \u00e4nda till p\u00e5 l\u00f6rdag. <\/p>\n<p>Eftersom flygresan endast \u00e4r 45 minuter l\u00e5ng hade jag ingen bok i handbagaget, bara Aftonbladets H\u00e4rligt hemma och Expresens Leva &#038; Bo (tack G!). L\u00e4ste ut dem i perfekt tid inf\u00f6r landningen. Men s\u00e5 landade vi inte. <\/p>\n<p>Riga var inneslutet i dimma, ropade kaptenen, efter att ha f\u00f6rs\u00f6kt landa tre g\u00e5nger. S\u00e5 planet k\u00f6rde ist\u00e4llet 30 minuter till Vilnius, i Litauen. D\u00e4r blev vi sittande inne i planet i tv\u00e5 och en halv timme innan vi fick flyga tillbaka till Riga igen. Men vad g\u00f6r man i ett plan s\u00e5 l\u00e4nge? Kv\u00e4llstidningsbilagorna var s\u00f6nderl\u00e4sta och n\u00e5gon bok hade jag ju inte med mig. D\u00e5 kom jag p\u00e5 Ipaden. Fylld med b\u00f6cker! 195 sidor av Camilla L\u00e4ckbergs \u00c4nglamakerskan senare k\u00e4nde jag &#8221;\u00e4lskade e-bok&#8221; (och tackade Adlibris som s\u00e5lde boken f\u00f6r 69 kr f\u00f6r ett tag sedan).<\/p>\n","protected":false},"excerpt":{"rendered":"<p>Varje \u00e5r kring v\u00e5r \u00e5rsdag (den 3\/11) \u00e5ker vi n\u00e5gonstans. Det har varierat mellan en helg i G\u00e4vle och en vecka i New York. F\u00f6rra \u00e5ret var vi en vecka p\u00e5 landet. Ig\u00e5r \u00e5kte vi till Riga och h\u00e4r ska vi vara \u00e4nda till p\u00e5 l\u00f6rdag. Eftersom flygresan endast \u00e4r 45 minuter l\u00e5ng hade jag &hellip; <a href=\"https:\/\/iminbokhylla.se\/?p=1752\" class=\"more-link\">Forts\u00e4tt l\u00e4sa<span class=\"screen-reader-text\"> \u201dFast i ett plan utan b\u00f6cker\u201d<\/span><\/a><\/p>\n","protected":false},"author":1,"featured_media":0,"comment_status":"open","ping_status":"open","sticky":false,"template":"","format":"standard","meta":[],"categories":[4],"tags":[9],"featured_image_src":null,"featured_image_src_square":null,"author_info":{"display_name":"Josefine","author_link":"https:\/\/iminbokhylla.se\/?author=1"},"_links":{"self":[{"href":"https:\/\/iminbokhylla.se\/index.php?rest_route=\/wp\/v2\/posts\/1752"}],"collection":[{"href":"https:\/\/iminbokhylla.se\/index.php?rest_route=\/wp\/v2\/posts"}],"about":[{"href":"https:\/\/iminbokhylla.se\/index.php?rest_route=\/wp\/v2\/types\/post"}],"author":[{"embeddable":true,"href":"https:\/\/iminbokhylla.se\/index.php?rest_route=\/wp\/v2\/users\/1"}],"replies":[{"embeddable":true,"href":"https:\/\/iminbokhylla.se\/index.php?rest_route=%2Fwp%2Fv2%2Fcomments&post=1752"}],"version-history":[{"count":0,"href":"https:\/\/iminbokhylla.se\/index.php?rest_route=\/wp\/v2\/posts\/1752\/revisions"}],"wp:attachment":[{"href":"https:\/\/iminbokhylla.se\/index.php?rest_route=%2Fwp%2Fv2%2Fmedia&parent=1752"}],"wp:term":[{"taxonomy":"category","embeddable":true,"href":"https:\/\/iminbokhylla.se\/index.php?rest_route=%2Fwp%2Fv2%2Fcategories&post=1752"},{"taxonomy":"post_tag","embeddable":true,"href":"https:\/\/iminbokhylla.se\/index.php?rest_route=%2Fwp%2Fv2%2Ftags&post=1752"}],"curies":[{"name":"wp","href":"https:\/\/api.w.org\/{rel}","templated":true}]}}