{"id":1699,"date":"2011-10-16T10:35:19","date_gmt":"2011-10-16T08:35:19","guid":{"rendered":"https:\/\/iminbokhylla.se\/?p=1699"},"modified":"2012-01-25T12:00:44","modified_gmt":"2012-01-25T10:00:44","slug":"kara-blogg","status":"publish","type":"post","link":"https:\/\/iminbokhylla.se\/?p=1699","title":{"rendered":"K\u00e4ra blogg,"},"content":{"rendered":"<p>Du har blivit lite f\u00f6rsummad p\u00e5 sista tiden. Det \u00e4r f\u00f6rst\u00e5s inte meningen. Det beror fr\u00e4mst p\u00e5 tv\u00e5 saker.<\/p>\n<p>Tiden. Den h\u00e4r veckan har jag klockat in 50 arbetstimmar ist\u00e4llet f\u00f6r de 32 jag ska g\u00f6ra. Det blir n\u00e5gra s\u00e5dana veckor i h\u00f6st. P\u00e5 mitt eget initiativ, s\u00e5 det \u00e4r inte ett dugg synd om mig, men tiden f\u00f6rsvinner. <\/p>\n<p>Boken. Den jag l\u00e4ser just nu. Jag gillar den inte. allts\u00e5 har jag ingen lust att l\u00e4sa den = jag l\u00e4ser n\u00e5gon sida per dag = jag blir aldrig klar = jag f\u00e5r aldrig b\u00f6rja l\u00e4sa en b\u00e4ttre bok.<\/p>\n<p>Tv\u00e5 synenrligen d\u00e5liga faktorer att kombinera. Men jag ska b\u00e4ttra mig, du f\u00f6rtj\u00e4nar b\u00e4ttre.<\/p>\n<p>Mvh,<br \/>\nJosefine<\/p>\n","protected":false},"excerpt":{"rendered":"<p>Du har blivit lite f\u00f6rsummad p\u00e5 sista tiden. Det \u00e4r f\u00f6rst\u00e5s inte meningen. Det beror fr\u00e4mst p\u00e5 tv\u00e5 saker. Tiden. Den h\u00e4r veckan har jag klockat in 50 arbetstimmar ist\u00e4llet f\u00f6r de 32 jag ska g\u00f6ra. Det blir n\u00e5gra s\u00e5dana veckor i h\u00f6st. P\u00e5 mitt eget initiativ, s\u00e5 det \u00e4r inte ett dugg synd om &hellip; <a href=\"https:\/\/iminbokhylla.se\/?p=1699\" class=\"more-link\">Forts\u00e4tt l\u00e4sa<span class=\"screen-reader-text\"> \u201dK\u00e4ra blogg,\u201d<\/span><\/a><\/p>\n","protected":false},"author":1,"featured_media":0,"comment_status":"open","ping_status":"open","sticky":false,"template":"","format":"standard","meta":[],"categories":[4],"tags":[9],"featured_image_src":null,"featured_image_src_square":null,"author_info":{"display_name":"Josefine","author_link":"https:\/\/iminbokhylla.se\/?author=1"},"_links":{"self":[{"href":"https:\/\/iminbokhylla.se\/index.php?rest_route=\/wp\/v2\/posts\/1699"}],"collection":[{"href":"https:\/\/iminbokhylla.se\/index.php?rest_route=\/wp\/v2\/posts"}],"about":[{"href":"https:\/\/iminbokhylla.se\/index.php?rest_route=\/wp\/v2\/types\/post"}],"author":[{"embeddable":true,"href":"https:\/\/iminbokhylla.se\/index.php?rest_route=\/wp\/v2\/users\/1"}],"replies":[{"embeddable":true,"href":"https:\/\/iminbokhylla.se\/index.php?rest_route=%2Fwp%2Fv2%2Fcomments&post=1699"}],"version-history":[{"count":0,"href":"https:\/\/iminbokhylla.se\/index.php?rest_route=\/wp\/v2\/posts\/1699\/revisions"}],"wp:attachment":[{"href":"https:\/\/iminbokhylla.se\/index.php?rest_route=%2Fwp%2Fv2%2Fmedia&parent=1699"}],"wp:term":[{"taxonomy":"category","embeddable":true,"href":"https:\/\/iminbokhylla.se\/index.php?rest_route=%2Fwp%2Fv2%2Fcategories&post=1699"},{"taxonomy":"post_tag","embeddable":true,"href":"https:\/\/iminbokhylla.se\/index.php?rest_route=%2Fwp%2Fv2%2Ftags&post=1699"}],"curies":[{"name":"wp","href":"https:\/\/api.w.org\/{rel}","templated":true}]}}