{"id":1661,"date":"2011-09-30T08:29:10","date_gmt":"2011-09-30T06:29:10","guid":{"rendered":"https:\/\/iminbokhylla.se\/?p=1661"},"modified":"2011-10-11T21:05:55","modified_gmt":"2011-10-11T19:05:55","slug":"trotta-bleka-glada-vimlare-pa-bokmassan","status":"publish","type":"post","link":"https:\/\/iminbokhylla.se\/?p=1661","title":{"rendered":"Tr\u00f6tta, bleka, glada vimlare p\u00e5 Bokm\u00e4ssan"},"content":{"rendered":"<p>Tre vimlare p\u00e5 Bokm\u00e4ssan.<\/p>\n<p><a href=\"http:\/\/www.flickr.com\/photos\/granding\/6178618702\/\" title=\"Tre vimlare p\u00e5 bokm\u00e4ssan by Granding, on Flickr\"><img loading=\"lazy\" src=\"http:\/\/farm7.static.flickr.com\/6176\/6178618702_efb230cbf6.jpg\" width=\"500\" height=\"353\" alt=\"Tre vimlare p\u00e5 bokm\u00e4ssan\"><\/a><br \/>\nFoto: Anna H\u00e5llams\/Expressen<\/p>\n<p>Vill du se fler bilder? Alla mina bilder fr\u00e5n m\u00e4ssan finns <a href=\"http:\/\/www.flickr.com\/photos\/granding\/sets\/72157627632087737\/\">h\u00e4r<\/a>. <\/p>\n","protected":false},"excerpt":{"rendered":"<p>Tre vimlare p\u00e5 Bokm\u00e4ssan. Foto: Anna H\u00e5llams\/Expressen Vill du se fler bilder? Alla mina bilder fr\u00e5n m\u00e4ssan finns h\u00e4r.<\/p>\n","protected":false},"author":1,"featured_media":0,"comment_status":"open","ping_status":"open","sticky":false,"template":"","format":"standard","meta":[],"categories":[12],"tags":[9],"featured_image_src":null,"featured_image_src_square":null,"author_info":{"display_name":"Josefine","author_link":"https:\/\/iminbokhylla.se\/?author=1"},"_links":{"self":[{"href":"https:\/\/iminbokhylla.se\/index.php?rest_route=\/wp\/v2\/posts\/1661"}],"collection":[{"href":"https:\/\/iminbokhylla.se\/index.php?rest_route=\/wp\/v2\/posts"}],"about":[{"href":"https:\/\/iminbokhylla.se\/index.php?rest_route=\/wp\/v2\/types\/post"}],"author":[{"embeddable":true,"href":"https:\/\/iminbokhylla.se\/index.php?rest_route=\/wp\/v2\/users\/1"}],"replies":[{"embeddable":true,"href":"https:\/\/iminbokhylla.se\/index.php?rest_route=%2Fwp%2Fv2%2Fcomments&post=1661"}],"version-history":[{"count":0,"href":"https:\/\/iminbokhylla.se\/index.php?rest_route=\/wp\/v2\/posts\/1661\/revisions"}],"wp:attachment":[{"href":"https:\/\/iminbokhylla.se\/index.php?rest_route=%2Fwp%2Fv2%2Fmedia&parent=1661"}],"wp:term":[{"taxonomy":"category","embeddable":true,"href":"https:\/\/iminbokhylla.se\/index.php?rest_route=%2Fwp%2Fv2%2Fcategories&post=1661"},{"taxonomy":"post_tag","embeddable":true,"href":"https:\/\/iminbokhylla.se\/index.php?rest_route=%2Fwp%2Fv2%2Ftags&post=1661"}],"curies":[{"name":"wp","href":"https:\/\/api.w.org\/{rel}","templated":true}]}}