{"id":1650,"date":"2011-09-27T12:44:45","date_gmt":"2011-09-27T10:44:45","guid":{"rendered":"https:\/\/iminbokhylla.se\/?p=1650"},"modified":"2011-10-11T21:07:11","modified_gmt":"2011-10-11T19:07:11","slug":"bokmassan-i-mina-ord","status":"publish","type":"post","link":"https:\/\/iminbokhylla.se\/?p=1650","title":{"rendered":"Bokm\u00e4ssan i mina ord"},"content":{"rendered":"<p><strong>Mest f\u00f6rv\u00e5nande<\/strong><br \/>\nAtt seminarierna var s\u00e5 pass d\u00e5ligt f\u00f6rberedda som de var. Vi s\u00e5g 19 seminarier och det var typ fem som k\u00e4ndes genomt\u00e4nkta och f\u00f6rberedda. <\/p>\n<p><strong>Galnast<\/strong><br \/>\nDen sjuka folkm\u00e4ngden. Speciellt l\u00f6rdag eftermiddag. Hj\u00e4lp!<\/p>\n<p><strong>Roligast<\/strong><br \/>\nAtt b\u00e5de sambon och jag g\u00e5r vilse n\u00e4r vi f\u00e5r syn p\u00e5 Dolph Lundgren. Jag \u00e4r helt ointresserad av honom, men det osade &#8221;Hollywoodstj\u00e4rna&#8221; p\u00e5 l\u00e5ngt avst\u00e5nd, s\u00e5 man kom liksom av sig. <\/p>\n<p><strong>Kortast<\/strong><br \/>\nJag vet att det \u00e4r taskigt. Men kan inte l\u00e5ta bli. Jag h\u00f6ll p\u00e5 att snubbla \u00f6ver Leif Pagrotsky i tr\u00e4ngseln. <\/p>\n<p><strong>S\u00e4mst<\/strong><br \/>\nV\u00e5rt hotell. Hotell Heden Liseberg \u00e4r inte ett fyrstj\u00e4rnigt hotell, vad de sj\u00e4lva \u00e4n s\u00e4ger. <\/p>\n<p><strong>Kn\u00e4ppast<\/strong><br \/>\nLeif GW Persson blir intervjuad av Cecilia Hagen p\u00e5 Expressens scen. Jag st\u00e5r i k\u00f6 och v\u00e4ntar p\u00e5 att f\u00e5 g\u00e5 in p\u00e5 ett seminarium intill. Pl\u00f6tsligt kommer Bj\u00f6rn Ranelid. Han stannar framf\u00f6r mig, s\u00e4ger &#8221;han f\u00f6rpestar luften h\u00e4r inne, den d\u00e4r alkoholisten&#8221; och g\u00e5r sedan vidare. <\/p>\n<p><strong>Mest ov\u00e4ntat<\/strong><br \/>\nAtt det allra b\u00e4sta seminariet var &#8221;Skr\u00e4ck &#8211; genren som Gud gl\u00f6mde&#8221;. Jag \u00e4r totalt ointresserad av skr\u00e4ck. <\/p>\n<p><strong>L\u00e4ngst k\u00f6<\/strong><br \/>\n(F\u00f6r oss). K\u00f6n f\u00f6r att komma in till ett seminarium med Annika \u00d6stberg. K\u00f6n f\u00f6r att f\u00e5 en bok signerad av Jan L\u00f6\u00f6f. <\/p>\n<p><strong>Godast mat<\/strong><br \/>\nK\u00f6ttbullarna p\u00e5 v\u00e5ning 23. (D\u00e4r alla andra \u00e4ter r\u00e4kmacka). <\/p>\n<p><strong>\u00c4ckligast mat<\/strong><br \/>\nAll m\u00e4ssmat utom den p\u00e5 v\u00e5ning 23. <\/p>\n<p><strong>St\u00f6rst besvikelse<\/strong><br \/>\nDe seminarier som var s\u00e5 d\u00e5liga att man inte ens f\u00f6rstod vad f\u00f6rfattaren ville s\u00e4ga. Tyv\u00e4rr en hel del. <\/p>\n<p><strong>B\u00e4st<\/strong><br \/>\nHelheten<br \/>\nAtt jag var p\u00e5 Bokm\u00e4ssan!<\/p>\n","protected":false},"excerpt":{"rendered":"<p>Mest f\u00f6rv\u00e5nande Att seminarierna var s\u00e5 pass d\u00e5ligt f\u00f6rberedda som de var. Vi s\u00e5g 19 seminarier och det var typ fem som k\u00e4ndes genomt\u00e4nkta och f\u00f6rberedda. Galnast Den sjuka folkm\u00e4ngden. Speciellt l\u00f6rdag eftermiddag. Hj\u00e4lp! Roligast Att b\u00e5de sambon och jag g\u00e5r vilse n\u00e4r vi f\u00e5r syn p\u00e5 Dolph Lundgren. Jag \u00e4r helt ointresserad av honom, &hellip; <a href=\"https:\/\/iminbokhylla.se\/?p=1650\" class=\"more-link\">Forts\u00e4tt l\u00e4sa<span class=\"screen-reader-text\"> \u201dBokm\u00e4ssan i mina ord\u201d<\/span><\/a><\/p>\n","protected":false},"author":1,"featured_media":0,"comment_status":"open","ping_status":"open","sticky":false,"template":"","format":"standard","meta":[],"categories":[12],"tags":[9],"featured_image_src":null,"featured_image_src_square":null,"author_info":{"display_name":"Josefine","author_link":"https:\/\/iminbokhylla.se\/?author=1"},"_links":{"self":[{"href":"https:\/\/iminbokhylla.se\/index.php?rest_route=\/wp\/v2\/posts\/1650"}],"collection":[{"href":"https:\/\/iminbokhylla.se\/index.php?rest_route=\/wp\/v2\/posts"}],"about":[{"href":"https:\/\/iminbokhylla.se\/index.php?rest_route=\/wp\/v2\/types\/post"}],"author":[{"embeddable":true,"href":"https:\/\/iminbokhylla.se\/index.php?rest_route=\/wp\/v2\/users\/1"}],"replies":[{"embeddable":true,"href":"https:\/\/iminbokhylla.se\/index.php?rest_route=%2Fwp%2Fv2%2Fcomments&post=1650"}],"version-history":[{"count":0,"href":"https:\/\/iminbokhylla.se\/index.php?rest_route=\/wp\/v2\/posts\/1650\/revisions"}],"wp:attachment":[{"href":"https:\/\/iminbokhylla.se\/index.php?rest_route=%2Fwp%2Fv2%2Fmedia&parent=1650"}],"wp:term":[{"taxonomy":"category","embeddable":true,"href":"https:\/\/iminbokhylla.se\/index.php?rest_route=%2Fwp%2Fv2%2Fcategories&post=1650"},{"taxonomy":"post_tag","embeddable":true,"href":"https:\/\/iminbokhylla.se\/index.php?rest_route=%2Fwp%2Fv2%2Ftags&post=1650"}],"curies":[{"name":"wp","href":"https:\/\/api.w.org\/{rel}","templated":true}]}}