{"id":1647,"date":"2011-09-25T10:00:59","date_gmt":"2011-09-25T08:00:59","guid":{"rendered":"https:\/\/iminbokhylla.se\/2011\/09\/25\/dag-3-tiden-racker-inte-till\/"},"modified":"2011-10-11T21:09:04","modified_gmt":"2011-10-11T19:09:04","slug":"dag-3-tiden-racker-inte-till","status":"publish","type":"post","link":"https:\/\/iminbokhylla.se\/?p=1647","title":{"rendered":"Dag 3. Tiden r\u00e4cker inte till."},"content":{"rendered":"<p>M\u00e5nga verkar hoppa \u00f6ver seminarierna helt, medan vi f\u00f6rs\u00f6ker kl\u00e4mma in s\u00e5 m\u00e5nga som m\u00f6jligt. Av g\u00e5rdagens sex inplanerade fick dock endast fyra plats i verkligheten. Vi lyssnade p\u00e5 &#8221;Bortgift mot sin vilja&#8221;, &#8221;\u00d6gonblick som f\u00f6r\u00e4ndrar livet&#8221;, &#8221;N\u00e4r skyddsn\u00e4tet har stora h\u00e5l&#8221; och &#8221;Vad \u00e4r en vampyr?&#8221;.<\/p>\n<p>I \u00f6vrigt hann vi med en vinlunch p\u00e5 v\u00e5ning 23 (klassisk bokm\u00e4ssemark) med min pappa och att titta i de montarar vi hade p\u00e5 listan &#8221;m\u00e5ste g\u00e5 tillbaka till x f\u00f6r att k\u00f6pa x&#8221;. Vi hann inte med seminarium om Ester Ringn\u00e9r-Lundgrens karakt\u00e4rer, bokbloggarmingel eller Schyffert &#038; Lindstr\u00f6m. <\/p>\n<p>Nu har vi packat allt och ska strax ge oss av mot m\u00e4ssan f\u00f6r en sista heldag. Efter det blir det en l\u00e5ng bilresa hem.<\/p>\n","protected":false},"excerpt":{"rendered":"<p>M\u00e5nga verkar hoppa \u00f6ver seminarierna helt, medan vi f\u00f6rs\u00f6ker kl\u00e4mma in s\u00e5 m\u00e5nga som m\u00f6jligt. Av g\u00e5rdagens sex inplanerade fick dock endast fyra plats i verkligheten. Vi lyssnade p\u00e5 &#8221;Bortgift mot sin vilja&#8221;, &#8221;\u00d6gonblick som f\u00f6r\u00e4ndrar livet&#8221;, &#8221;N\u00e4r skyddsn\u00e4tet har stora h\u00e5l&#8221; och &#8221;Vad \u00e4r en vampyr?&#8221;. I \u00f6vrigt hann vi med en vinlunch p\u00e5 &hellip; <a href=\"https:\/\/iminbokhylla.se\/?p=1647\" class=\"more-link\">Forts\u00e4tt l\u00e4sa<span class=\"screen-reader-text\"> \u201dDag 3. Tiden r\u00e4cker inte till.\u201d<\/span><\/a><\/p>\n","protected":false},"author":1,"featured_media":0,"comment_status":"open","ping_status":"open","sticky":false,"template":"","format":"standard","meta":[],"categories":[12],"tags":[9],"featured_image_src":null,"featured_image_src_square":null,"author_info":{"display_name":"Josefine","author_link":"https:\/\/iminbokhylla.se\/?author=1"},"_links":{"self":[{"href":"https:\/\/iminbokhylla.se\/index.php?rest_route=\/wp\/v2\/posts\/1647"}],"collection":[{"href":"https:\/\/iminbokhylla.se\/index.php?rest_route=\/wp\/v2\/posts"}],"about":[{"href":"https:\/\/iminbokhylla.se\/index.php?rest_route=\/wp\/v2\/types\/post"}],"author":[{"embeddable":true,"href":"https:\/\/iminbokhylla.se\/index.php?rest_route=\/wp\/v2\/users\/1"}],"replies":[{"embeddable":true,"href":"https:\/\/iminbokhylla.se\/index.php?rest_route=%2Fwp%2Fv2%2Fcomments&post=1647"}],"version-history":[{"count":0,"href":"https:\/\/iminbokhylla.se\/index.php?rest_route=\/wp\/v2\/posts\/1647\/revisions"}],"wp:attachment":[{"href":"https:\/\/iminbokhylla.se\/index.php?rest_route=%2Fwp%2Fv2%2Fmedia&parent=1647"}],"wp:term":[{"taxonomy":"category","embeddable":true,"href":"https:\/\/iminbokhylla.se\/index.php?rest_route=%2Fwp%2Fv2%2Fcategories&post=1647"},{"taxonomy":"post_tag","embeddable":true,"href":"https:\/\/iminbokhylla.se\/index.php?rest_route=%2Fwp%2Fv2%2Ftags&post=1647"}],"curies":[{"name":"wp","href":"https:\/\/api.w.org\/{rel}","templated":true}]}}