{"id":1645,"date":"2011-09-24T09:58:57","date_gmt":"2011-09-24T07:58:57","guid":{"rendered":"https:\/\/iminbokhylla.se\/2011\/09\/24\/dag-tva-med-lite-mer-somn-i-kroppen\/"},"modified":"2011-10-11T21:09:52","modified_gmt":"2011-10-11T19:09:52","slug":"dag-tva-med-lite-mer-somn-i-kroppen","status":"publish","type":"post","link":"https:\/\/iminbokhylla.se\/?p=1645","title":{"rendered":"Dag tv\u00e5. Zombies, e-b\u00f6cker och Bo Hagstr\u00f6m"},"content":{"rendered":"<p>Tr\u00f6tta, ont i f\u00f6tterna men glada. S\u00e5 kan man sammanfatta sinnesst\u00e4mningen n\u00e4r vi gick till m\u00e4san p\u00e5 fredagmorgonen. Och det blev en toppendag!<\/p>\n<p>5 seminarier var vi p\u00e5: &#8221;Hoppsan, Kirre 60 \u00e5r&#8221;, &#8221;Vem betalar journalistiken i morgon?&#8221;, &#8221;F\u00f6rh\u00f6ren med Herrmann G\u00f6ring&#8221;, &#8221;Viva la pasta&#8221; med Bo Hagstr\u00f6m och &#8221;B\u00f6cker p\u00e5 l\u00e4splattor och i mobilen&#8221;. Vi stod ocks\u00e5 i k\u00f6 f\u00f6r att sambon skulle f\u00e5 Jan L\u00f6\u00f6fs senaste bok signerad.<\/p>\n<p>Vi shoppade en hel del, tr\u00e4ffade bekanta, drack champagne och blev tr\u00f6tta i f\u00f6tterna. B\u00e4st p\u00e5 hela dagen var att vi hittade till &#8221;seriedelen&#8221; av m\u00e4ssan d\u00e4r sambon frosade i zombie- och science fictionmontrar. Vi hann \u00e4ven kl\u00e4mma in en lunch med min faster och ena kusin som bor i G\u00f6teborg, kul!<\/p>\n<p>Nu blir det nya tag!<\/p>\n","protected":false},"excerpt":{"rendered":"<p>Tr\u00f6tta, ont i f\u00f6tterna men glada. S\u00e5 kan man sammanfatta sinnesst\u00e4mningen n\u00e4r vi gick till m\u00e4san p\u00e5 fredagmorgonen. Och det blev en toppendag! 5 seminarier var vi p\u00e5: &#8221;Hoppsan, Kirre 60 \u00e5r&#8221;, &#8221;Vem betalar journalistiken i morgon?&#8221;, &#8221;F\u00f6rh\u00f6ren med Herrmann G\u00f6ring&#8221;, &#8221;Viva la pasta&#8221; med Bo Hagstr\u00f6m och &#8221;B\u00f6cker p\u00e5 l\u00e4splattor och i mobilen&#8221;. Vi &hellip; <a href=\"https:\/\/iminbokhylla.se\/?p=1645\" class=\"more-link\">Forts\u00e4tt l\u00e4sa<span class=\"screen-reader-text\"> \u201dDag tv\u00e5. Zombies, e-b\u00f6cker och Bo Hagstr\u00f6m\u201d<\/span><\/a><\/p>\n","protected":false},"author":1,"featured_media":0,"comment_status":"open","ping_status":"open","sticky":false,"template":"","format":"standard","meta":[],"categories":[12],"tags":[9],"featured_image_src":null,"featured_image_src_square":null,"author_info":{"display_name":"Josefine","author_link":"https:\/\/iminbokhylla.se\/?author=1"},"_links":{"self":[{"href":"https:\/\/iminbokhylla.se\/index.php?rest_route=\/wp\/v2\/posts\/1645"}],"collection":[{"href":"https:\/\/iminbokhylla.se\/index.php?rest_route=\/wp\/v2\/posts"}],"about":[{"href":"https:\/\/iminbokhylla.se\/index.php?rest_route=\/wp\/v2\/types\/post"}],"author":[{"embeddable":true,"href":"https:\/\/iminbokhylla.se\/index.php?rest_route=\/wp\/v2\/users\/1"}],"replies":[{"embeddable":true,"href":"https:\/\/iminbokhylla.se\/index.php?rest_route=%2Fwp%2Fv2%2Fcomments&post=1645"}],"version-history":[{"count":0,"href":"https:\/\/iminbokhylla.se\/index.php?rest_route=\/wp\/v2\/posts\/1645\/revisions"}],"wp:attachment":[{"href":"https:\/\/iminbokhylla.se\/index.php?rest_route=%2Fwp%2Fv2%2Fmedia&parent=1645"}],"wp:term":[{"taxonomy":"category","embeddable":true,"href":"https:\/\/iminbokhylla.se\/index.php?rest_route=%2Fwp%2Fv2%2Fcategories&post=1645"},{"taxonomy":"post_tag","embeddable":true,"href":"https:\/\/iminbokhylla.se\/index.php?rest_route=%2Fwp%2Fv2%2Ftags&post=1645"}],"curies":[{"name":"wp","href":"https:\/\/api.w.org\/{rel}","templated":true}]}}