{"id":1636,"date":"2011-09-22T10:51:49","date_gmt":"2011-09-22T08:51:49","guid":{"rendered":"https:\/\/iminbokhylla.se\/?p=1636"},"modified":"2011-10-11T21:04:37","modified_gmt":"2011-10-11T19:04:37","slug":"bokmassan-borjar-nuuuuu","status":"publish","type":"post","link":"https:\/\/iminbokhylla.se\/?p=1636","title":{"rendered":"Bokm\u00e4ssan b\u00f6rjar &#8230; NUUUUU!"},"content":{"rendered":"<p>(Ledsen f\u00f6r galen rubrik, men har man arbetat n\u00e4ra Idol s\u00e5 har man).<\/p>\n<p>Nu \u00e4r vi p\u00e5 v\u00e4g. Taxi, buss, flyg och buss ska ta oss till bokm\u00f6ssan. Vi och oss? Ja, min sambo f\u00f6ljer med. T\u00e4nkte utnyttja honom som bokp\u00e5seb\u00e4rare. Nejd\u00e5, han \u00e4r ocks\u00e5 v\u00e4ldigt intresserad och flera av de seminarier vi siktat in oss p\u00e5 \u00e4r hans val. <\/p>\n<p>Jag har beslutat mig f\u00f6r att inte ta med mig en dator. Ist\u00e4llet blir det Ipaden och Iphonen som f\u00e5r f\u00f6lja med. Ipaden l\u00e4mnas dock p\u00e5 hotellrummet, m\u00e5ste spara ryggen, men mobilen f\u00e5r f\u00f6rst\u00e5s f\u00f6lja med \u00f6verallt. Med den t\u00e4nkte jag twittra, Facebooka och ta bilder. <\/p>\n<p>Just nu finns tv\u00e5 orosmoment. Dels att vi faktiskt inte har n\u00e5gra biljetter. De \u00e4r sp\u00e5rl\u00f6st f\u00f6rsvunna (jag har aldrig ens tappat en vante tidigare &#8230;). Men Bokm\u00e4ssan har via mail lovat att l\u00f6sa detta \u00e5t oss p\u00e5 plats. (Sn\u00e4lla, h\u00e5ll tummarna f\u00f6r oss!) Och dels min <a href=\"http:\/\/www.granding.se\/2011\/07\/06\/en-bruten-fot-en-trasig-iphone-ett-gnallinlagg\/\">fot<\/a>. Jag har g\u00e5tt fr\u00e5n doktorsordern &#8221;stillasittande&#8221; till &#8221;l\u00e4tt g\u00e5tr\u00e4ning&#8221;. Med tanke p\u00e5 att jag har ont bara av att ta tunnelbanan till och fr\u00e5n jobbet s\u00e5 \u00e4r f\u00f6rst\u00e5s Bokm\u00e4ssan en total katastrof (det \u00e4r s\u00e5 mycket g\u00e5ende: ta sig till m\u00e4ssan och fr\u00e5n varje dag, allt g\u00e5ende och st\u00e5ende p\u00e5 plats, f\u00e5 tag p\u00e5 lunch, middag, mingel och fester osv). Har packat ned sm\u00e4rtd\u00e4mpande salva och tabletter, men sm\u00e4rta kan jag ta, \u00e4r mer orolig att foten ska skadas. Men det k\u00e4nns det f\u00f6rst\u00e5s v\u00e4rt!<\/p>\n<p>Annars \u00e4r min plan att ha kul! Har haft en ovanligt stressig jobbvecka s\u00e5 har inte alls hunnit ladda upp som jag ville. Men hoppas kunna sl\u00e4ppa allt imorgon och bara g\u00e5 in i Bokm\u00e4sse-mode. Om inte annat blir man nog s\u00e5 \u00f6verv\u00e4ldigad n\u00e4r man kommer dit att det g\u00e5r av bara farten. \ud83d\ude42<\/p>\n<p>Jag kommer inte blogga som en galning h\u00e4r. Jag tror inte att ni \u00e4r superintresserade och jag tror inte jag orkar. Men vill ni f\u00f6lja med mer ordentligt tipsar jag om I min bokhylla p\u00e5 <a href=\"http:\/\/www.facebook.com\/iminbokhylla\">Facebook<\/a> och <a href=\"http:\/\/www.twitter.com\/iminbokhylla\">Twitter<\/a>.<\/p>\n","protected":false},"excerpt":{"rendered":"<p>(Ledsen f\u00f6r galen rubrik, men har man arbetat n\u00e4ra Idol s\u00e5 har man). Nu \u00e4r vi p\u00e5 v\u00e4g. Taxi, buss, flyg och buss ska ta oss till bokm\u00f6ssan. Vi och oss? Ja, min sambo f\u00f6ljer med. T\u00e4nkte utnyttja honom som bokp\u00e5seb\u00e4rare. Nejd\u00e5, han \u00e4r ocks\u00e5 v\u00e4ldigt intresserad och flera av de seminarier vi siktat in &hellip; <a href=\"https:\/\/iminbokhylla.se\/?p=1636\" class=\"more-link\">Forts\u00e4tt l\u00e4sa<span class=\"screen-reader-text\"> \u201dBokm\u00e4ssan b\u00f6rjar &#8230; NUUUUU!\u201d<\/span><\/a><\/p>\n","protected":false},"author":1,"featured_media":0,"comment_status":"open","ping_status":"open","sticky":false,"template":"","format":"standard","meta":[],"categories":[12],"tags":[9],"featured_image_src":null,"featured_image_src_square":null,"author_info":{"display_name":"Josefine","author_link":"https:\/\/iminbokhylla.se\/?author=1"},"_links":{"self":[{"href":"https:\/\/iminbokhylla.se\/index.php?rest_route=\/wp\/v2\/posts\/1636"}],"collection":[{"href":"https:\/\/iminbokhylla.se\/index.php?rest_route=\/wp\/v2\/posts"}],"about":[{"href":"https:\/\/iminbokhylla.se\/index.php?rest_route=\/wp\/v2\/types\/post"}],"author":[{"embeddable":true,"href":"https:\/\/iminbokhylla.se\/index.php?rest_route=\/wp\/v2\/users\/1"}],"replies":[{"embeddable":true,"href":"https:\/\/iminbokhylla.se\/index.php?rest_route=%2Fwp%2Fv2%2Fcomments&post=1636"}],"version-history":[{"count":0,"href":"https:\/\/iminbokhylla.se\/index.php?rest_route=\/wp\/v2\/posts\/1636\/revisions"}],"wp:attachment":[{"href":"https:\/\/iminbokhylla.se\/index.php?rest_route=%2Fwp%2Fv2%2Fmedia&parent=1636"}],"wp:term":[{"taxonomy":"category","embeddable":true,"href":"https:\/\/iminbokhylla.se\/index.php?rest_route=%2Fwp%2Fv2%2Fcategories&post=1636"},{"taxonomy":"post_tag","embeddable":true,"href":"https:\/\/iminbokhylla.se\/index.php?rest_route=%2Fwp%2Fv2%2Ftags&post=1636"}],"curies":[{"name":"wp","href":"https:\/\/api.w.org\/{rel}","templated":true}]}}