{"id":159,"date":"2010-11-02T13:38:35","date_gmt":"2010-11-02T11:38:35","guid":{"rendered":"https:\/\/iminbokhylla.se\/?p=159"},"modified":"2011-07-27T16:34:58","modified_gmt":"2011-07-27T14:34:58","slug":"gastskribent-som-11-aring-vann-jag-bokpris-for-visat-lasintresse-och-gott-bokval","status":"publish","type":"post","link":"https:\/\/iminbokhylla.se\/?p=159","title":{"rendered":"G\u00e4stskribent: Som 11-\u00e5ring vann jag bokpris f\u00f6r &#8221;visat l\u00e4sintresse och gott bokval&#8221;"},"content":{"rendered":"<p>Jag har blivit ombedd att, som g\u00e4stskribent, skriva ett l\u00e4ngre inl\u00e4gg om min bibliotekstid som barn.<\/p>\n<p>Som jag skrev i min <a href=\"https:\/\/iminbokhylla.se\/2010\/10\/22\/biblioteken-och-jag\/#comment-35\">kommentar<\/a> blev jag tidigt en tr\u00e4gen biblioteksbes\u00f6kare. Kunde l\u00e4sa redan vid sex \u00e5rs \u00e5lder och b\u00f6ckerna hemma r\u00e4ckte inte l\u00e5ngt. N\u00e5gon, kanske min l\u00e4rarinna, tipsade mig om biblioteket i \u00d6rby. En del i litet r\u00f6tt hus p\u00e5 skolg\u00e5rden till \u00d6rby skola. Vilken lycka!<\/p>\n<p>Pappa var sn\u00e4ll och skjutsade mig varannan vecka (har f\u00f6r mig att l\u00e5netiden var tv\u00e5 veckor). Eftersom jag l\u00e5nade m\u00e5nga b\u00f6cker varje g\u00e5ng kunde jag vid 8-9 \u00e5rs \u00e5lder inte \u00e5ka kommunalt. <\/p>\n<p>Att komma in och k\u00e4nna doften av b\u00f6cker. G\u00e5 f\u00f6rbi hyllorna, kolla favoritf\u00f6rfattare, ta fram en bok och l\u00e4sa resum\u00e9n p\u00e5 baksidan. Hitta nya f\u00f6rfattare.<\/p>\n<p>P\u00e5 h\u00f6sten 1964 ber\u00e4ttade den sn\u00e4lla tanten som stod bakom disken att hon f\u00f6reslagit mig till n\u00e5got som hette Svenska Dagbladets Bokpris \u201df\u00f6r visat l\u00e4sintresse och gott bokval\u201d. S\u00e5 den 22\/12 samma \u00e5r \u00e5kte mamma och jag till Svenskan f\u00f6r att h\u00e4mta priset. Har f\u00f6r mig att det var i nuvarande DN-huset. Vi \u00e5kte i alla fall sp\u00e5rvagn till ett st\u00e4lle jag aldrig varit vid. <\/p>\n<p>Vi kom in, blev v\u00e4lkomnande och fick ta f\u00f6r oss av saft (l\u00e4sk?), kaffe och kaffebr\u00f6d. Vi var f\u00f6rst\u00e5s flera, mest tjejer i min \u00e5lder. D\u00e4refter blev vi uppropade med namn och fick komma fram och h\u00e4mta priset, en bok f\u00f6rst\u00e5s (Vi p\u00e5 Saltkr\u00e5kan av Astrid Lindgren). Kommer ih\u00e5g att jag var s\u00e5 stolt. Jag, utvald bland alla biblioteksl\u00e5nande ungar. Ja i alla fall p\u00e5 \u00d6rby-biblioteket.<\/p>\n<p>Vad jag l\u00e4ste?<br \/>\nB\u00f6rjade s\u00e4kert med den tidens barnb\u00f6cker: Agaton Sax, Pelle Svansl\u00f6s, Ture Sventon, Hedenh\u00f6s, Mary Poppins. Fortsatte med Astrid Lindgren, f\u00f6rst\u00e5s, Enid Blyton, Kulla-Gulla, Anne p\u00e5 Gr\u00f6nkulla, Indianb\u00f6cker (bl a Hjortfot), h\u00e4stb\u00f6cker (bl a Svarta Hingsten), Laura Ingalls Wilder, Jules Verne, Dumas och Charles Dickens. Gillade \u00e4ven att l\u00e4sa b\u00f6cker som handlade om elever p\u00e5 internatskola i England.<\/p>\n<p>&#8211;<br \/>\nTack till Monica, min mamma, f\u00f6r att du ville ber\u00e4tta! Det \u00e4r l\u00e4tt att f\u00f6rst\u00e5 var jag f\u00e5tt min l\u00e4slust fr\u00e5n &#8230;<\/p>\n","protected":false},"excerpt":{"rendered":"<p>Jag har blivit ombedd att, som g\u00e4stskribent, skriva ett l\u00e4ngre inl\u00e4gg om min bibliotekstid som barn. Som jag skrev i min kommentar blev jag tidigt en tr\u00e4gen biblioteksbes\u00f6kare. Kunde l\u00e4sa redan vid sex \u00e5rs \u00e5lder och b\u00f6ckerna hemma r\u00e4ckte inte l\u00e5ngt. N\u00e5gon, kanske min l\u00e4rarinna, tipsade mig om biblioteket i \u00d6rby. En del i litet &hellip; <a href=\"https:\/\/iminbokhylla.se\/?p=159\" class=\"more-link\">Forts\u00e4tt l\u00e4sa<span class=\"screen-reader-text\"> \u201dG\u00e4stskribent: Som 11-\u00e5ring vann jag bokpris f\u00f6r &#8221;visat l\u00e4sintresse och gott bokval&#8221;\u201d<\/span><\/a><\/p>\n","protected":false},"author":1,"featured_media":0,"comment_status":"open","ping_status":"open","sticky":false,"template":"","format":"standard","meta":[],"categories":[4],"tags":[9],"featured_image_src":null,"featured_image_src_square":null,"author_info":{"display_name":"Josefine","author_link":"https:\/\/iminbokhylla.se\/?author=1"},"_links":{"self":[{"href":"https:\/\/iminbokhylla.se\/index.php?rest_route=\/wp\/v2\/posts\/159"}],"collection":[{"href":"https:\/\/iminbokhylla.se\/index.php?rest_route=\/wp\/v2\/posts"}],"about":[{"href":"https:\/\/iminbokhylla.se\/index.php?rest_route=\/wp\/v2\/types\/post"}],"author":[{"embeddable":true,"href":"https:\/\/iminbokhylla.se\/index.php?rest_route=\/wp\/v2\/users\/1"}],"replies":[{"embeddable":true,"href":"https:\/\/iminbokhylla.se\/index.php?rest_route=%2Fwp%2Fv2%2Fcomments&post=159"}],"version-history":[{"count":0,"href":"https:\/\/iminbokhylla.se\/index.php?rest_route=\/wp\/v2\/posts\/159\/revisions"}],"wp:attachment":[{"href":"https:\/\/iminbokhylla.se\/index.php?rest_route=%2Fwp%2Fv2%2Fmedia&parent=159"}],"wp:term":[{"taxonomy":"category","embeddable":true,"href":"https:\/\/iminbokhylla.se\/index.php?rest_route=%2Fwp%2Fv2%2Fcategories&post=159"},{"taxonomy":"post_tag","embeddable":true,"href":"https:\/\/iminbokhylla.se\/index.php?rest_route=%2Fwp%2Fv2%2Ftags&post=159"}],"curies":[{"name":"wp","href":"https:\/\/api.w.org\/{rel}","templated":true}]}}