{"id":1574,"date":"2011-09-16T19:00:52","date_gmt":"2011-09-16T17:00:52","guid":{"rendered":"https:\/\/iminbokhylla.se\/?p=1574"},"modified":"2012-01-25T12:00:57","modified_gmt":"2012-01-25T10:00:57","slug":"bokmassastafettinlagg-xxx","status":"publish","type":"post","link":"https:\/\/iminbokhylla.se\/?p=1574","title":{"rendered":"Bokm\u00e4ssan \u00e4r orsaken till att I min bokhylla finns"},"content":{"rendered":"<p><em>Detta \u00e4r ett inl\u00e4gg i en bloggstafett till\u00e4gnad Bok- och biblioteksm\u00e4ssan i G\u00f6teborg. L\u00e4ngst ned i inl\u00e4gget hittar ni l\u00e4nkar till alla andra deltagare.<\/em><\/p>\n<p>Det h\u00e4r bloggen fyller strax ett \u00e5r. Den 29 september 2010 skrev jag <a href=\"https:\/\/iminbokhylla.se\/2010\/09\/29\/det-borjade-lite-segt\/\">f\u00f6rsta inl\u00e4gget<\/a>. Sedan dess har det blivit 261 inl\u00e4gg och 92 l\u00e4sta b\u00f6cker. Men varf\u00f6r pratar jag om bloggen n\u00e4r det ska handla om Bokm\u00e4ssan? F\u00f6r att det var Bokm\u00e4ssan som f\u00f6dde bloggen.<\/p>\n<p>I inl\u00e4gget <a href=\"https:\/\/iminbokhylla.se\/2010\/10\/01\/vad-ska-du-bli-nar-du-blir-stor\/\">Vad ska du bli n\u00e4r du blir stor<\/a>, publicerat den 1 oktober 2010, skrev jag att jag svarade &#8221;jag ska jobba p\u00e5 bokf\u00f6rlag&#8221; p\u00e5 den fr\u00e5gan n\u00e4r jag var liten. S\u00e5 blev det inte (\u00e4n i alla fall!), men i hj\u00e4rtat har b\u00f6ckerna alltid funnits kvar. Trots det har jag har aldrig bes\u00f6kt bokm\u00e4ssan.<\/p>\n<p>2010 var det extra jobbigt, n\u00e4r jag ins\u00e5g att jag k\u00e4nde ett fyrtiotal m\u00e4nniskor som \u00e5kte dit. B\u00e5de familj, v\u00e4nner och bekanta. Till slut sk\u00f6t jag bort undanflykterna. \u00c4ven om jag inte arbetar i bokbranschen kan jag i alla fall verka i den. S\u00e5 f\u00f6ddes planerna p\u00e5 att \u00e5ka p\u00e5 Bokm\u00e4ssan 2011. Och bloggen I min bokhylla.<\/p>\n<p>Nu \u00e4r det sex dagar kvar. Sen \u00e5ker jag &#8211; och I min bokhylla &#8211; p\u00e5 v\u00e5r f\u00f6rsta bokm\u00e4ssa. Jippi!<\/p>\n<p><strong>Detta \u00e4r ett inl\u00e4gg i en bloggstafett till\u00e4gnad Bok- och biblioteksm\u00e4ssan i G\u00f6teborg d\u00e4r f\u00f6ljande bloggar deltar:<\/strong><\/p>\n<ul>\n<li><a href=\"http:\/\/www.enligto.se\/\">enligt O<\/a><\/li>\n<li><a href=\"http:\/\/www.pocketlover.se\/\">Pocketlover<\/a><\/li>\n<li><a href=\"http:\/\/www.bockerx3.com\/\">B\u00f6cker x 3<\/a><\/li>\n<li><a href=\"http:\/\/www.bokmalen.nu\/\">Bokmalen<\/a><\/li>\n<li><a href=\"http:\/\/www.fiktiviteter.se\/\">Fiktiviteter<\/a><\/li>\n<li><a href=\"http:\/\/www.skrivarmamma.blogspot.com\/\">Skrivarmamma<\/a><\/li>\n<li><a href=\"http:\/\/joanna-ochdagarnagar.blogspot.com\/\">och dagarna g\u00e5r&#8230;<\/a><\/li>\n<li><a href=\"http:\/\/boktok73.blogspot.com\/\">Boktok 73<\/a><\/li>\n<li><a href=\"http:\/\/bokbabbel.com\/\">Bokbabbel<\/a><\/li>\n<li><a href=\"http:\/\/mariasbokliv.wordpress.com\/\">Marias Bokliv<\/a><\/li>\n<li><a href=\"http:\/\/lyrannobel.blogspot.com\/\">Lyrans Noblesser<\/a><\/li>\n<li><a href=\"http:\/\/bokbaren.com\/\">Bokbaren<\/a><\/li>\n<li><a href=\"http:\/\/www.thebookpond.se\/\">the Book Pond<\/a><\/li>\n<li><a href=\"http:\/\/ungavuxna.blogspot.com\/\">Unga Vuxna<\/a><\/li>\n<li><a href=\"http:\/\/paperbacklover.blogspot.com\/\">Paperback Lover<\/a><\/li>\n<li><a href=\"http:\/\/henrikelstad.wordpress.com\/\">Olika sidor<\/a><\/li>\n<li><a href=\"http:\/\/utgivning.blogspot.com\/\">V\u00e4gen till utgivning<\/a><\/li>\n<li><a href=\"http:\/\/malinsblog.wordpress.com\/\">Malins bokblogg<\/a><\/li>\n<li><a href=\"http:\/\/dantesbibliotek.se\/\">Dantes Bibliotek<\/a><\/li>\n<li><a href=\"http:\/\/fullbokhylla.wordpress.com\/\">En full bokhylla \u00e4r en rikedom<\/a><\/li>\n<li><a href=\"https:\/\/iminbokhylla.se\/\">I min bokhylla<\/a><\/li>\n<li><a href=\"http:\/\/hannashorna.wordpress.com\/\">Hannas H\u00f6rna<\/a><\/li>\n<li><a href=\"http:\/\/anjocity.wordpress.com\/\">Word up, Anjo<\/a><\/li>\n<li><a href=\"http:\/\/ombockersomjaghunnitlasa.blogspot.com\/\">Om b\u00f6cker som jag hunnit l\u00e4sa<\/a><\/li>\n<li><a href=\"http:\/\/curiousheathen.wordpress.com\/\">You&#8217;re no different to me<\/a><\/li>\n<\/ul>\n","protected":false},"excerpt":{"rendered":"<p>Detta \u00e4r ett inl\u00e4gg i en bloggstafett till\u00e4gnad Bok- och biblioteksm\u00e4ssan i G\u00f6teborg. L\u00e4ngst ned i inl\u00e4gget hittar ni l\u00e4nkar till alla andra deltagare. Det h\u00e4r bloggen fyller strax ett \u00e5r. Den 29 september 2010 skrev jag f\u00f6rsta inl\u00e4gget. Sedan dess har det blivit 261 inl\u00e4gg och 92 l\u00e4sta b\u00f6cker. Men varf\u00f6r pratar jag om &hellip; <a href=\"https:\/\/iminbokhylla.se\/?p=1574\" class=\"more-link\">Forts\u00e4tt l\u00e4sa<span class=\"screen-reader-text\"> \u201dBokm\u00e4ssan \u00e4r orsaken till att I min bokhylla finns\u201d<\/span><\/a><\/p>\n","protected":false},"author":1,"featured_media":0,"comment_status":"open","ping_status":"open","sticky":false,"template":"","format":"standard","meta":[],"categories":[12],"tags":[9],"featured_image_src":null,"featured_image_src_square":null,"author_info":{"display_name":"Josefine","author_link":"https:\/\/iminbokhylla.se\/?author=1"},"_links":{"self":[{"href":"https:\/\/iminbokhylla.se\/index.php?rest_route=\/wp\/v2\/posts\/1574"}],"collection":[{"href":"https:\/\/iminbokhylla.se\/index.php?rest_route=\/wp\/v2\/posts"}],"about":[{"href":"https:\/\/iminbokhylla.se\/index.php?rest_route=\/wp\/v2\/types\/post"}],"author":[{"embeddable":true,"href":"https:\/\/iminbokhylla.se\/index.php?rest_route=\/wp\/v2\/users\/1"}],"replies":[{"embeddable":true,"href":"https:\/\/iminbokhylla.se\/index.php?rest_route=%2Fwp%2Fv2%2Fcomments&post=1574"}],"version-history":[{"count":0,"href":"https:\/\/iminbokhylla.se\/index.php?rest_route=\/wp\/v2\/posts\/1574\/revisions"}],"wp:attachment":[{"href":"https:\/\/iminbokhylla.se\/index.php?rest_route=%2Fwp%2Fv2%2Fmedia&parent=1574"}],"wp:term":[{"taxonomy":"category","embeddable":true,"href":"https:\/\/iminbokhylla.se\/index.php?rest_route=%2Fwp%2Fv2%2Fcategories&post=1574"},{"taxonomy":"post_tag","embeddable":true,"href":"https:\/\/iminbokhylla.se\/index.php?rest_route=%2Fwp%2Fv2%2Ftags&post=1574"}],"curies":[{"name":"wp","href":"https:\/\/api.w.org\/{rel}","templated":true}]}}